{"id":1058,"date":"2023-06-28T17:26:39","date_gmt":"2023-06-28T20:26:39","guid":{"rendered":"https:\/\/sistemafaetsenar.org.br\/faet\/?p=1058"},"modified":"2024-01-19T16:17:05","modified_gmt":"2024-01-19T19:17:05","slug":"expoalmas-2023-sindicato-rural-promete-recorde-e-superar-edicoes-anteriores-a-maior-exposicao-agropecuaria-do-sudeste-tocantinense-e-uma-das-maiores-do-estado-promete-marcar-epoca-em-2023-segundo","status":"publish","type":"post","link":"https:\/\/sistemafaetsenar.org.br\/faet\/expoalmas-2023-sindicato-rural-promete-recorde-e-superar-edicoes-anteriores-a-maior-exposicao-agropecuaria-do-sudeste-tocantinense-e-uma-das-maiores-do-estado-promete-marcar-epoca-em-2023-segundo\/","title":{"rendered":"ExpoAlmas 2023: Sindicato Rural promete recorde e superar edi\u00e7\u00f5es"},"content":{"rendered":"<p>A maior exposi\u00e7\u00e3o agropecu\u00e1ria do sudeste tocantinense e uma das maiores do estado promete marcar \u00e9poca em 2023. Segundo o Sindicato Rural de Almas, organizador do evento, a 24\u00aa ExpoAlmas \u00e9 uma express\u00e3o do momento vivido na regi\u00e3o, onde os investimentos no agroneg\u00f3cio est\u00e3o em alta, sobretudo no ramo da agricultura, com o aumento das \u00e1reas de soja.<\/p>\n<p>&nbsp;<\/p>\n<p>Por isso, a ExpoAlmas deve superar os anos anteriores e alcan\u00e7ar uma comercializa\u00e7\u00e3o recorde. \u201cOs neg\u00f3cios devem chegar a cerca de R$ 30 milh\u00f5es e a nossa pecu\u00e1ria n\u00e3o vai deixar tamb\u00e9m de valorizar nossa cultura regional e tamb\u00e9m proporcionar tecnologia e conhecimento aos nossos produtores\u201d, disse a presidente do Sindicato Rural de Almas, Sandra Carneiro.<\/p>\n<p>&nbsp;<\/p>\n<p>Segundo o presidente do Sistema FAET\/Senar, Paulo Carneiro, al\u00e9m de cursos oficinas e palestras, a Federa\u00e7\u00e3o vai anunciar nova parceria com a Ag\u00eancia de Fomento para a libera\u00e7\u00e3o de cr\u00e9dito facilitado para o produtor rural. Atualmente o sistema e a ag\u00eancia j\u00e1 est\u00e3o disponibilizando empr\u00e9stimos de at\u00e9 R$ 10 mil para pequenos produtores rurais assistidos pelo Senar.<\/p>\n<p>&nbsp;<\/p>\n<p><strong>Programa\u00e7\u00e3o diversificada<\/strong><\/p>\n<p>&nbsp;<\/p>\n<p>Em parceria com o Sistema FAET\/Senar, a ExpoAlmas vai tratar de assuntos de interesse do produtor rural durante a edi\u00e7\u00e3o do <strong>AgroForte \u2013 Sudeste<\/strong>. O evento ser\u00e1 realizado durante a exposi\u00e7\u00e3o e ter\u00e1 como convidados especiais, o presidente da Associa\u00e7\u00e3o Nacional da Pecu\u00e1ria de Corte, Maur\u00edcio Veloso e o consultor para Mercado Futuro de Gr\u00e3os da CNA (Confedera\u00e7\u00e3o de Agricultura e Pecu\u00e1ria do Brasil), \u00canio Fernandes.<\/p>\n<p>&nbsp;<\/p>\n<p>Na programa\u00e7\u00e3o ter\u00e1 ainda uma Feira de Touros P.O. e um leil\u00e3o com mais de 2 mil animais, organizado pela Nova Era Leil\u00f5es, refer\u00eancia no Tocantins. A exposi\u00e7\u00e3o ter\u00e1 m\u00e1quinas, implementos agr\u00edcolas, insumos em geral, ve\u00edculos e servi\u00e7os para o homem que pretendem movimentar os dias de evento.<\/p>\n<p>&nbsp;<\/p>\n<p>Uma das atra\u00e7\u00f5es t\u00e9cnicas da feira ser\u00e1 a estrutura de aquaponia, com um tanque de ferrocimento, uma alternativa para a produ\u00e7\u00e3o de peixes. Outra atra\u00e7\u00e3o ser\u00e1 a oficina de realidade virtual que fez sucesso na Agrotins e tamb\u00e9m ser\u00e1 realizada em Almas. Cursos como Derivados do Leite e Embutidos e defumados tamb\u00e9m est\u00e3o previstos na programa\u00e7\u00e3o.<\/p>\n<p>&nbsp;<\/p>\n<p>Valorizando a cultura regional, o Sindicato Rural vai trazer de volta o \u201cCanta Rural\u201d, um projeto que d\u00e1 voz aos talentos locais que buscam uma oportunidade para mostrar o seu valor. Para o lazer das fam\u00edlias, al\u00e9m do tradicional rodeio, parque de divers\u00f5es, a \u201cFazendinha\u201d e shows, a ExpoAlmas vai proporcionar mais espa\u00e7o para os estandes alimenta\u00e7\u00e3o.<\/p>\n<p>&nbsp;<\/p>\n<p><img decoding=\"async\" class=\"size-full wp-image-993 aligncenter\" src=\"https:\/\/sistemafaetsenar.org.br\/faet\/wp-content\/uploads\/2024\/01\/FAET-SENAR-Sindicatos.png\" alt=\"\" width=\"200\" height=\"61\" \/><\/p>\n","protected":false},"excerpt":{"rendered":"<p>A maior exposi\u00e7\u00e3o agropecu\u00e1ria do sudeste tocantinense e uma das maiores do estado promete marcar \u00e9poca em 2023. Segundo o Sindicato Rural de Almas, organizador do evento, a 24\u00aa ExpoAlmas \u00e9 uma express\u00e3o do momento vivido na regi\u00e3o, onde os investimentos no agroneg\u00f3cio est\u00e3o em alta, sobretudo no ramo da agricultura, com o aumento das [&hellip;]<\/p>\n","protected":false},"author":3,"featured_media":1059,"comment_status":"open","ping_status":"open","sticky":false,"template":"","format":"standard","meta":{"kia_subtitle":"A exposi\u00e7\u00e3o ter\u00e1 m\u00e1quinas, implementos agr\u00edcolas, insumos em geral, ve\u00edculos e servi\u00e7os para o homem do campo","footnotes":""},"categories":[12,16,58,20],"tags":[104,85,66],"class_list":["post-1058","post","type-post","status-publish","format-standard","has-post-thumbnail","hentry","category-agrononegocio","category-feiras-e-eventos","category-sindicato-rural","category-tecnologia","tag-eira-agropecuaria","tag-expoalmas","tag-sindicato-rural"],"_links":{"self":[{"href":"https:\/\/sistemafaetsenar.org.br\/faet\/wp-json\/wp\/v2\/posts\/1058"}],"collection":[{"href":"https:\/\/sistemafaetsenar.org.br\/faet\/wp-json\/wp\/v2\/posts"}],"about":[{"href":"https:\/\/sistemafaetsenar.org.br\/faet\/wp-json\/wp\/v2\/types\/post"}],"author":[{"embeddable":true,"href":"https:\/\/sistemafaetsenar.org.br\/faet\/wp-json\/wp\/v2\/users\/3"}],"replies":[{"embeddable":true,"href":"https:\/\/sistemafaetsenar.org.br\/faet\/wp-json\/wp\/v2\/comments?post=1058"}],"version-history":[{"count":0,"href":"https:\/\/sistemafaetsenar.org.br\/faet\/wp-json\/wp\/v2\/posts\/1058\/revisions"}],"wp:featuredmedia":[{"embeddable":true,"href":"https:\/\/sistemafaetsenar.org.br\/faet\/wp-json\/wp\/v2\/media\/1059"}],"wp:attachment":[{"href":"https:\/\/sistemafaetsenar.org.br\/faet\/wp-json\/wp\/v2\/media?parent=1058"}],"wp:term":[{"taxonomy":"category","embeddable":true,"href":"https:\/\/sistemafaetsenar.org.br\/faet\/wp-json\/wp\/v2\/categories?post=1058"},{"taxonomy":"post_tag","embeddable":true,"href":"https:\/\/sistemafaetsenar.org.br\/faet\/wp-json\/wp\/v2\/tags?post=1058"}],"curies":[{"name":"wp","href":"https:\/\/api.w.org\/{rel}","templated":true}]}}