{"id":1055,"date":"2023-05-08T15:22:28","date_gmt":"2023-05-08T18:22:28","guid":{"rendered":"https:\/\/sistemafaetsenar.org.br\/faet\/?p=1055"},"modified":"2024-01-18T17:23:07","modified_gmt":"2024-01-18T20:23:07","slug":"sistema-faet-vai-oferecer-oficina-de-realidade-virtual-na-agrotins-2023","status":"publish","type":"post","link":"https:\/\/sistemafaetsenar.org.br\/faet\/sistema-faet-vai-oferecer-oficina-de-realidade-virtual-na-agrotins-2023\/","title":{"rendered":"Sistema FAET vai oferecer oficina de realidade virtual na Agrotins 2023"},"content":{"rendered":"<p>Um equipamento capaz de proporcionar ao usu\u00e1rio uma sensa\u00e7\u00e3o \u00fanica de vivenciar uma atividade rural tecnificada, sem estar no ambiente real e ter a n\u00edtida sensa\u00e7\u00e3o de como se d\u00e3o todos os processos, em todos os \u00e2ngulos. Esta \u00e9 a proposta de uma oficina que ser\u00e1 oferecida aos participantes do estande \u201cJuntos Somos Mais Fortes\u201d, do sistema FAET\/Senar, na edi\u00e7\u00e3o de 2023 da Agrotins.<\/p>\n<p>&nbsp;<\/p>\n<p>Al\u00e9m de oferecer palestras e semin\u00e1rios, o Sistema FAET tamb\u00e9m ir\u00e1 oportunizar aos produtores, profissionais do agro e estudantes das \u00e1reas de agr\u00e1rias viv\u00eancias em diversas \u00e1reas. O estande do sistema FAET ter\u00e1 uma inten\u00e7\u00e3o programa\u00e7\u00e3o com mais de 20 atra\u00e7\u00f5es que estar\u00e3o focadas nos dias 17, 18 e 19 de maio.<\/p>\n<p>&nbsp;<\/p>\n<p><strong>EXPERI\u00caNCIA<\/strong><\/p>\n<p>&nbsp;<\/p>\n<p>Para o Diretor de Educa\u00e7\u00e3o Profissional Rural e Promo\u00e7\u00e3o Social (DEPPS), Luiz Claudio Faria, a oficina de realidade virtual vai comportar quatro participantes por vez, porque al\u00e9m da experi\u00eancia pr\u00e1tica, os interessados v\u00e3o receber mais informa\u00e7\u00f5es sobre as atividades apresentadas com os \u00f3culos 3D.<\/p>\n<p>&nbsp;<\/p>\n<p>\u201cAl\u00e9m da experi\u00eancia de manusear equipamentos e realizar os procedimentos de manuten\u00e7\u00e3o em pulverizadores, a iniciativa de levar essa tecnologia para dentro da programa\u00e7\u00e3o da feira visa tamb\u00e9m apresentar uma nova ferramenta que poder\u00e1 ser aliada aos nossos treinamentos em campo\u201d, disse o diretor.<\/p>\n<p>&nbsp;<\/p>\n<p>Al\u00e9m destas atra\u00e7\u00f5es, o estande do sistema FAET\/Senar vai sediar semin\u00e1rios, palestras, reuni\u00f5es setoriais, entre outros. A Agrotins 2023 ter\u00e1 como tema o \u201cCompliance no Agro\u201d e ser\u00e1 realizada entre os dias 16 a 20 de maio, no Parque Agrotecnol\u00f3gico Engenheiro Agr\u00f4nomo Mauro Medanha, em Palmas, na TO-050, sa\u00edda para Porto Nacional.<\/p>\n<p>&nbsp;<\/p>\n<p><img decoding=\"async\" class=\"size-full wp-image-993 aligncenter\" src=\"https:\/\/sistemafaetsenar.org.br\/faet\/wp-content\/uploads\/2024\/01\/FAET-SENAR-Sindicatos.png\" alt=\"\" width=\"200\" height=\"61\" \/><\/p>\n","protected":false},"excerpt":{"rendered":"<p>Um equipamento capaz de proporcionar ao usu\u00e1rio uma sensa\u00e7\u00e3o \u00fanica de vivenciar uma atividade rural tecnificada, sem estar no ambiente real e ter a n\u00edtida sensa\u00e7\u00e3o de como se d\u00e3o todos os processos, em todos os \u00e2ngulos. Esta \u00e9 a proposta de uma oficina que ser\u00e1 oferecida aos participantes do estande \u201cJuntos Somos Mais Fortes\u201d, [&hellip;]<\/p>\n","protected":false},"author":3,"featured_media":1056,"comment_status":"open","ping_status":"open","sticky":false,"template":"","format":"standard","meta":{"kia_subtitle":"Esta \u00e9 a proposta da oficina que ser\u00e1 oferecida aos participantes do estande \u201cJuntos Somos Mais Fortes\u201d","footnotes":""},"categories":[72,15,16,20],"tags":[73,33,84,50],"class_list":["post-1055","post","type-post","status-publish","format-standard","has-post-thumbnail","hentry","category-agrotins","category-faet","category-feiras-e-eventos","category-tecnologia","tag-agrotins","tag-faet","tag-realidade-virtual","tag-tecnologia"],"_links":{"self":[{"href":"https:\/\/sistemafaetsenar.org.br\/faet\/wp-json\/wp\/v2\/posts\/1055"}],"collection":[{"href":"https:\/\/sistemafaetsenar.org.br\/faet\/wp-json\/wp\/v2\/posts"}],"about":[{"href":"https:\/\/sistemafaetsenar.org.br\/faet\/wp-json\/wp\/v2\/types\/post"}],"author":[{"embeddable":true,"href":"https:\/\/sistemafaetsenar.org.br\/faet\/wp-json\/wp\/v2\/users\/3"}],"replies":[{"embeddable":true,"href":"https:\/\/sistemafaetsenar.org.br\/faet\/wp-json\/wp\/v2\/comments?post=1055"}],"version-history":[{"count":0,"href":"https:\/\/sistemafaetsenar.org.br\/faet\/wp-json\/wp\/v2\/posts\/1055\/revisions"}],"wp:featuredmedia":[{"embeddable":true,"href":"https:\/\/sistemafaetsenar.org.br\/faet\/wp-json\/wp\/v2\/media\/1056"}],"wp:attachment":[{"href":"https:\/\/sistemafaetsenar.org.br\/faet\/wp-json\/wp\/v2\/media?parent=1055"}],"wp:term":[{"taxonomy":"category","embeddable":true,"href":"https:\/\/sistemafaetsenar.org.br\/faet\/wp-json\/wp\/v2\/categories?post=1055"},{"taxonomy":"post_tag","embeddable":true,"href":"https:\/\/sistemafaetsenar.org.br\/faet\/wp-json\/wp\/v2\/tags?post=1055"}],"curies":[{"name":"wp","href":"https:\/\/api.w.org\/{rel}","templated":true}]}}