{"id":1053,"date":"2023-05-30T17:16:31","date_gmt":"2023-05-30T20:16:31","guid":{"rendered":"https:\/\/sistemafaetsenar.org.br\/faet\/?p=1053"},"modified":"2024-01-18T17:17:00","modified_gmt":"2024-01-18T20:17:00","slug":"faet-parabeniza-deputados-do-tocantins-que-apoiam-o-marco-temporal","status":"publish","type":"post","link":"https:\/\/sistemafaetsenar.org.br\/faet\/faet-parabeniza-deputados-do-tocantins-que-apoiam-o-marco-temporal\/","title":{"rendered":"FAET parabeniza deputados do Tocantins que apoiam o Marco Temporal"},"content":{"rendered":"<p>\u201cO campo precisa de seguran\u00e7a jur\u00eddica para continuar prosperando, gerando riqueza, empregos e renda para os brasileiros e, n\u00f3s, tocantinenses, precisamos de regras claras para continuar expandindo os neg\u00f3cios aqui no estado. Por isso, o setor rural aplaude de p\u00e9 a coragem e o compromisso dos deputados federais do Tocantins que compreenderam a import\u00e2ncia de aprovar o marco temporal de demarca\u00e7\u00e3o das terras ind\u00edgenas\u201d.<\/p>\n<p>&nbsp;<\/p>\n<p>As palavras s\u00e3o do presidente do sistema FAET, Paulo Carneiro, diante da emin\u00eancia da vota\u00e7\u00e3o do projeto de lei 490, substitutivo de autoria do deputado Arthur Lira, presidente da C\u00e2mara Federal. Para ele, qualquer mudan\u00e7a que permitisse a revis\u00e3o de uma legisla\u00e7\u00e3o consagrada na Constitui\u00e7\u00e3o Federal seria um retrocesso para o Brasil e principalmente para o setor agropecu\u00e1rio, que tem sido \u00e2ncora econ\u00f4mica do pa\u00eds.<\/p>\n<p>&nbsp;<\/p>\n<p>Em recente mensagem aos parlamentares tocantinenses, a FAET argumentou que a aprova\u00e7\u00e3o do PL seria extremamente positiva para o setor rural do Brasil porque fixar\u00e1 em lei decis\u00e3o que o pr\u00f3prio Supremo Tribunal Federal j\u00e1 proferiu anos atr\u00e1s, quando apreciou o caso Raposa Serra do Sol (PET 3.388\/2009). Para a FAET, aprovar o Marco Temporal promover\u00e1 seguran\u00e7a jur\u00eddica no processo de demarca\u00e7\u00e3o de terras ind\u00edgenas.<\/p>\n<p>&nbsp;<\/p>\n<p>A Federa\u00e7\u00e3o foi mais al\u00e9m. Justificou que a medida tamb\u00e9m proporcionaria transpar\u00eancia ao processo demarcat\u00f3rio ao prever a participa\u00e7\u00e3o dos Estados e Munic\u00edpios em que se localize a \u00e1rea pretendida e de todas as comunidades diretamente interessadas, sendo estimulada a manifesta\u00e7\u00e3o de interessados e de entidades da sociedade civil desde o in\u00edcio do processo administrativo demarcat\u00f3rio, a partir da reivindica\u00e7\u00e3o das comunidades ind\u00edgenas.<\/p>\n<p>&nbsp;<\/p>\n<p>Para a FAET, qualquer recuo diante desta pauta legislativa vai resultar em inseguran\u00e7a jur\u00eddica e estimular conflitos violentos no campo entre ind\u00edgenas e n\u00e3o ind\u00edgenas, al\u00e9m de aumentar a inseguran\u00e7a jur\u00eddica nas demarca\u00e7\u00f5es de terras ind\u00edgenas. Para o presidente, a mudan\u00e7a tamb\u00e9m poder\u00e1 afetar, drasticamente, a agropecu\u00e1ria brasileira porque \u00e9 evidente que a inseguran\u00e7a no regramento brasileiro assusta investidores e todos aqueles que querem ampliar seus neg\u00f3cios no setor, sobretudo em regi\u00f5es como o norte do Brasil e, claro, o Tocantins.<\/p>\n<p>&nbsp;<\/p>\n<p>\u201cTemos certeza de que o Congresso Nacional n\u00e3o se furtar\u00e1 a essa responsabilidade com o agroneg\u00f3cio e com o futuro do Brasil e, t\u00e3o logo seja colocado e vota\u00e7\u00e3o, o projeto de lei, com o voto dos deputados federais tocantinenses, ir\u00e1 confirmar o Marco Temporal e colocar um ponto final nesse assunto\u201d, declarou Paulo Carneiro.<\/p>\n<p>&nbsp;<\/p>\n<p><img decoding=\"async\" class=\"size-full wp-image-993 aligncenter\" src=\"https:\/\/sistemafaetsenar.org.br\/faet\/wp-content\/uploads\/2024\/01\/FAET-SENAR-Sindicatos.png\" alt=\"\" width=\"200\" height=\"61\" \/><\/p>\n","protected":false},"excerpt":{"rendered":"<p>\u201cO campo precisa de seguran\u00e7a jur\u00eddica para continuar prosperando, gerando riqueza, empregos e renda para os brasileiros e, n\u00f3s, tocantinenses, precisamos de regras claras para continuar expandindo os neg\u00f3cios aqui no estado. Por isso, o setor rural aplaude de p\u00e9 a coragem e o compromisso dos deputados federais do Tocantins que compreenderam a import\u00e2ncia de [&hellip;]<\/p>\n","protected":false},"author":3,"featured_media":1051,"comment_status":"open","ping_status":"open","sticky":false,"template":"","format":"standard","meta":{"kia_subtitle":"Para a federa\u00e7\u00e3o a medida proporcionaria transpar\u00eancia ao processo demarcat\u00f3rio","footnotes":""},"categories":[12,15,81],"tags":[33,79,82,83],"class_list":["post-1053","post","type-post","status-publish","format-standard","has-post-thumbnail","hentry","category-agrononegocio","category-faet","category-seguranca-juridica","tag-faet","tag-marco-temporal","tag-pauta-legislativa","tag-tocaantins"],"_links":{"self":[{"href":"https:\/\/sistemafaetsenar.org.br\/faet\/wp-json\/wp\/v2\/posts\/1053"}],"collection":[{"href":"https:\/\/sistemafaetsenar.org.br\/faet\/wp-json\/wp\/v2\/posts"}],"about":[{"href":"https:\/\/sistemafaetsenar.org.br\/faet\/wp-json\/wp\/v2\/types\/post"}],"author":[{"embeddable":true,"href":"https:\/\/sistemafaetsenar.org.br\/faet\/wp-json\/wp\/v2\/users\/3"}],"replies":[{"embeddable":true,"href":"https:\/\/sistemafaetsenar.org.br\/faet\/wp-json\/wp\/v2\/comments?post=1053"}],"version-history":[{"count":0,"href":"https:\/\/sistemafaetsenar.org.br\/faet\/wp-json\/wp\/v2\/posts\/1053\/revisions"}],"wp:featuredmedia":[{"embeddable":true,"href":"https:\/\/sistemafaetsenar.org.br\/faet\/wp-json\/wp\/v2\/media\/1051"}],"wp:attachment":[{"href":"https:\/\/sistemafaetsenar.org.br\/faet\/wp-json\/wp\/v2\/media?parent=1053"}],"wp:term":[{"taxonomy":"category","embeddable":true,"href":"https:\/\/sistemafaetsenar.org.br\/faet\/wp-json\/wp\/v2\/categories?post=1053"},{"taxonomy":"post_tag","embeddable":true,"href":"https:\/\/sistemafaetsenar.org.br\/faet\/wp-json\/wp\/v2\/tags?post=1053"}],"curies":[{"name":"wp","href":"https:\/\/api.w.org\/{rel}","templated":true}]}}