{"id":1050,"date":"2023-05-31T15:19:49","date_gmt":"2023-05-31T18:19:49","guid":{"rendered":"https:\/\/sistemafaetsenar.org.br\/faet\/?p=1050"},"modified":"2024-01-19T16:17:16","modified_gmt":"2024-01-19T19:17:16","slug":"faet-parabeniza-aprovacao-de-marco-temporal","status":"publish","type":"post","link":"https:\/\/sistemafaetsenar.org.br\/faet\/faet-parabeniza-aprovacao-de-marco-temporal\/","title":{"rendered":"FAET parabeniza aprova\u00e7\u00e3o de Marco Temporal"},"content":{"rendered":"<p>\u201cA C\u00e2mara Federal deu uma demonstra\u00e7\u00e3o clara de que o desenvolvimento do Brasil n\u00e3o pode ser obstru\u00eddo por mudan\u00e7as constantes na regra do jogo. E a defini\u00e7\u00e3o do Marco Temporal na demarca\u00e7\u00e3o das terras ind\u00edgenas devolve a seguran\u00e7a jur\u00eddica que o produtor precisa para investir, produzir e prosperar\u201d, declarou Paulo Carneiro, presidente do sistema FAET.<\/p>\n<p>&nbsp;<\/p>\n<p>O presidente destacou a aprova\u00e7\u00e3o da mat\u00e9ria na C\u00e2mara dos Deputados e celebrou o voto favor\u00e1vel dos deputados Antonio Andrade (Republicanos), Carlos Gaguim (Uni\u00e3o), Eli Borges (PL), Filipe Martins (PL), Vicentinho J\u00fanior (PP) e Alexandre Guimar\u00e3es (Republicanos), que votaram a favor do projeto. Dois oito parlamentares, apenas Ricardo Ayres (Republicanos) votou contra o Projeto de Lei n\u00ba 490 e o deputado L\u00e1zaro Botelho (Progressistas) n\u00e3o estava presente na vota\u00e7\u00e3o em plen\u00e1rio.<\/p>\n<p>&nbsp;<\/p>\n<p>Para o presidente da FAET, al\u00e9m de compromisso com o setor rural e o perfeito entendimento dos impactos da medida e as eventuais consequ\u00eancias de um retrocesso no assunto, os parlamentares tocantinenses que n\u00e3o se intimidaram com as press\u00f5es do Governo Federal e de institui\u00e7\u00f5es nacionais e internacionais que eram contra o projeto e \u201cassumiram uma postura de coragem ao insistir na vota\u00e7\u00e3o da mat\u00e9ria e aprova-la na tentativa de encerrar esse assunto de uma vez por todas\u201d, disse o presidente.<\/p>\n<p>&nbsp;<\/p>\n<p>O projeto aprovado na C\u00e2mara dos Deputados na noite de ter\u00e7a-feira, 30, restringe a demarca\u00e7\u00e3o de terras ind\u00edgenas \u00e0quelas j\u00e1 tradicionalmente ocupadas em 5 de outubro de 1988, data da promulga\u00e7\u00e3o da nova Constitui\u00e7\u00e3o federal. Al\u00e9m disso, est\u00e1 alinhada com decis\u00e3o do Supremo Tribunal Federal que manifestou no mesmo sentido quando julgou o caso Raposa Serra do Sol em 2009.<\/p>\n<p>&nbsp;<\/p>\n<p><img decoding=\"async\" class=\"size-full wp-image-993 aligncenter\" src=\"https:\/\/sistemafaetsenar.org.br\/faet\/wp-content\/uploads\/2024\/01\/FAET-SENAR-Sindicatos.png\" alt=\"\" width=\"200\" height=\"61\" \/><\/p>\n","protected":false},"excerpt":{"rendered":"<p>\u201cA C\u00e2mara Federal deu uma demonstra\u00e7\u00e3o clara de que o desenvolvimento do Brasil n\u00e3o pode ser obstru\u00eddo por mudan\u00e7as constantes na regra do jogo. E a defini\u00e7\u00e3o do Marco Temporal na demarca\u00e7\u00e3o das terras ind\u00edgenas devolve a seguran\u00e7a jur\u00eddica que o produtor precisa para investir, produzir e prosperar\u201d, declarou Paulo Carneiro, presidente do sistema FAET. [&hellip;]<\/p>\n","protected":false},"author":3,"featured_media":1051,"comment_status":"open","ping_status":"open","sticky":false,"template":"","format":"standard","meta":{"kia_subtitle":"Dois oito deputados federais do Tocantins, seis votaram a favor do projeto de lei","footnotes":""},"categories":[12,15],"tags":[79,42,38],"class_list":["post-1050","post","type-post","status-publish","format-standard","has-post-thumbnail","hentry","category-agrononegocio","category-faet","tag-marco-temporal","tag-produtor-rural","tag-tocantins"],"_links":{"self":[{"href":"https:\/\/sistemafaetsenar.org.br\/faet\/wp-json\/wp\/v2\/posts\/1050"}],"collection":[{"href":"https:\/\/sistemafaetsenar.org.br\/faet\/wp-json\/wp\/v2\/posts"}],"about":[{"href":"https:\/\/sistemafaetsenar.org.br\/faet\/wp-json\/wp\/v2\/types\/post"}],"author":[{"embeddable":true,"href":"https:\/\/sistemafaetsenar.org.br\/faet\/wp-json\/wp\/v2\/users\/3"}],"replies":[{"embeddable":true,"href":"https:\/\/sistemafaetsenar.org.br\/faet\/wp-json\/wp\/v2\/comments?post=1050"}],"version-history":[{"count":0,"href":"https:\/\/sistemafaetsenar.org.br\/faet\/wp-json\/wp\/v2\/posts\/1050\/revisions"}],"wp:featuredmedia":[{"embeddable":true,"href":"https:\/\/sistemafaetsenar.org.br\/faet\/wp-json\/wp\/v2\/media\/1051"}],"wp:attachment":[{"href":"https:\/\/sistemafaetsenar.org.br\/faet\/wp-json\/wp\/v2\/media?parent=1050"}],"wp:term":[{"taxonomy":"category","embeddable":true,"href":"https:\/\/sistemafaetsenar.org.br\/faet\/wp-json\/wp\/v2\/categories?post=1050"},{"taxonomy":"post_tag","embeddable":true,"href":"https:\/\/sistemafaetsenar.org.br\/faet\/wp-json\/wp\/v2\/tags?post=1050"}],"curies":[{"name":"wp","href":"https:\/\/api.w.org\/{rel}","templated":true}]}}