{"id":1047,"date":"2023-05-11T19:22:38","date_gmt":"2023-05-11T22:22:38","guid":{"rendered":"https:\/\/sistemafaetsenar.org.br\/faet\/?p=1047"},"modified":"2024-01-18T17:05:19","modified_gmt":"2024-01-18T20:05:19","slug":"em-nova-vitoria-dos-produtores-rurais-faet-destaca-reducao-da-tributacao-na-pecuaria","status":"publish","type":"post","link":"https:\/\/sistemafaetsenar.org.br\/faet\/em-nova-vitoria-dos-produtores-rurais-faet-destaca-reducao-da-tributacao-na-pecuaria\/","title":{"rendered":"Em nova vit\u00f3ria dos produtores rurais, FAET destaca redu\u00e7\u00e3o da tributa\u00e7\u00e3o na pecu\u00e1ria"},"content":{"rendered":"<p>O presidente da FAET, Paulo Carneiro lembrou que a entidade fez reiterados apelos ao Governo do Estado para que a tributa\u00e7\u00e3o sobre a boi vivo tivesse redu\u00e7\u00e3o para que o setor n\u00e3o perdesse mercado e nem competitividade. Por isso, assim que tomou conhecimento da medida anunciada pelo Estado, o presidente fez quest\u00e3o de destacar a sensibilidade da atual gest\u00e3o estadual e do parlamento tocantinense diante das causas dos pecuaristas.<\/p>\n<p>&nbsp;<\/p>\n<p>\u201cAgrade\u00e7o ao governador Wanderlei Barbosa por mais uma vez demonstrar que est\u00e1 sens\u00edvel aos nossos assuntos; ele \u00e9 produtor tamb\u00e9m e sabe como uma medida dessa \u00e9 capaz de impactar fortemente no nosso setor\u201d, destacou Paulo Carneiro.<\/p>\n<p>&nbsp;<\/p>\n<p>Ele fez quest\u00e3o de destacar ainda o empenho dos deputados estaduais tocantinenses, tendo \u00e0 frente do deputado Gutierres Torquato. Para o presidente do sistema FAET, o agroneg\u00f3cio do Tocantins est\u00e1 recebendo a aten\u00e7\u00e3o que merece do parlamento estadual que tem abra\u00e7ado as bandeiras do agro do estado.<\/p>\n<p>&nbsp;<\/p>\n<p><strong>BASE DE C\u00c1LCULO<\/strong><\/p>\n<p>&nbsp;<\/p>\n<p>A medida do Governo do Estado reduz a base de c\u00e1lculo do ICMS sobre as opera\u00e7\u00f5es relativas \u00e0 circula\u00e7\u00e3o de mercadorias entre outros. Na medida provis\u00f3ria do executivo estadual ficou definido que a al\u00edquota do ICMS cai de 12% para 5% sobre o valor das opera\u00e7\u00f5es nas sa\u00eddas interestaduais de gado vivo (bovino, bubalino e su\u00edno), praticadas por produtor rural do estado.<\/p>\n<p>&nbsp;<\/p>\n<p>A inten\u00e7\u00e3o do Governo do Estado \u00e9 reduzir ainda mais a al\u00edquota, mas isso depende de aprecia\u00e7\u00e3o do Conselho Fazend\u00e1rio Nacional (Confaz). O Tocantins tem um rebanho que atualmente passa de 10 milh\u00f5es de animais. A redu\u00e7\u00e3o mant\u00e9m a competitividade do estado e impacta na arrecada\u00e7\u00e3o porque mais neg\u00f3cios ser\u00e3o gerados com isso.<\/p>\n<p>&nbsp;<\/p>\n<p><img decoding=\"async\" class=\"size-full wp-image-993 aligncenter\" src=\"https:\/\/sistemafaetsenar.org.br\/faet\/wp-content\/uploads\/2024\/01\/FAET-SENAR-Sindicatos.png\" alt=\"\" width=\"200\" height=\"61\" \/><\/p>\n","protected":false},"excerpt":{"rendered":"<p>O presidente da FAET, Paulo Carneiro lembrou que a entidade fez reiterados apelos ao Governo do Estado para que a tributa\u00e7\u00e3o sobre a boi vivo tivesse redu\u00e7\u00e3o para que o setor n\u00e3o perdesse mercado e nem competitividade. Por isso, assim que tomou conhecimento da medida anunciada pelo Estado, o presidente fez quest\u00e3o de destacar a [&hellip;]<\/p>\n","protected":false},"author":3,"featured_media":1048,"comment_status":"open","ping_status":"open","sticky":false,"template":"","format":"standard","meta":{"kia_subtitle":"Al\u00edquota do ICMS sobre o rebanho bovino caiu de 12% para 5%","footnotes":""},"categories":[12,15],"tags":[78,38,39],"class_list":["post-1047","post","type-post","status-publish","format-standard","has-post-thumbnail","hentry","category-agrononegocio","category-faet","tag-bovinocultura","tag-tocantins","tag-tributacao"],"_links":{"self":[{"href":"https:\/\/sistemafaetsenar.org.br\/faet\/wp-json\/wp\/v2\/posts\/1047"}],"collection":[{"href":"https:\/\/sistemafaetsenar.org.br\/faet\/wp-json\/wp\/v2\/posts"}],"about":[{"href":"https:\/\/sistemafaetsenar.org.br\/faet\/wp-json\/wp\/v2\/types\/post"}],"author":[{"embeddable":true,"href":"https:\/\/sistemafaetsenar.org.br\/faet\/wp-json\/wp\/v2\/users\/3"}],"replies":[{"embeddable":true,"href":"https:\/\/sistemafaetsenar.org.br\/faet\/wp-json\/wp\/v2\/comments?post=1047"}],"version-history":[{"count":0,"href":"https:\/\/sistemafaetsenar.org.br\/faet\/wp-json\/wp\/v2\/posts\/1047\/revisions"}],"wp:featuredmedia":[{"embeddable":true,"href":"https:\/\/sistemafaetsenar.org.br\/faet\/wp-json\/wp\/v2\/media\/1048"}],"wp:attachment":[{"href":"https:\/\/sistemafaetsenar.org.br\/faet\/wp-json\/wp\/v2\/media?parent=1047"}],"wp:term":[{"taxonomy":"category","embeddable":true,"href":"https:\/\/sistemafaetsenar.org.br\/faet\/wp-json\/wp\/v2\/categories?post=1047"},{"taxonomy":"post_tag","embeddable":true,"href":"https:\/\/sistemafaetsenar.org.br\/faet\/wp-json\/wp\/v2\/tags?post=1047"}],"curies":[{"name":"wp","href":"https:\/\/api.w.org\/{rel}","templated":true}]}}