{"id":1044,"date":"2023-05-10T10:14:47","date_gmt":"2023-05-10T13:14:47","guid":{"rendered":"https:\/\/sistemafaetsenar.org.br\/faet\/?p=1044"},"modified":"2024-01-18T16:58:16","modified_gmt":"2024-01-18T19:58:16","slug":"faet-comemora-prorrogacao-da-obrigatoriedade-da-nota-fiscal-eletronica-para-pequenos-produtores-rurais","status":"publish","type":"post","link":"https:\/\/sistemafaetsenar.org.br\/faet\/faet-comemora-prorrogacao-da-obrigatoriedade-da-nota-fiscal-eletronica-para-pequenos-produtores-rurais\/","title":{"rendered":"FAET comemora prorroga\u00e7\u00e3o da obrigatoriedade da Nota Fiscal Eletr\u00f4nica para pequenos produtores rurais"},"content":{"rendered":"<p>Atendendo a um pedido da Federa\u00e7\u00e3o da Agricultura e Pecu\u00e1ria do Estado do Tocantins (FAET), o Governo do Tocantins, por meio da Secret\u00e1ria Estadual da Fazenda, prorrogou para o dia 1\u00ba de maio de 2024 a obrigatoriedade da emiss\u00e3o da Nota Fiscal Eletr\u00f4nica por parte dos pequenos produtores rurais em todo o Tocantins A solicita\u00e7\u00e3o foi realizada pela FAET ao Governo Estadual em fevereiro desse ano.<\/p>\n<p>&nbsp;<\/p>\n<p>Em of\u00edcio, a Federa\u00e7\u00e3o justificou a necessidade de mudan\u00e7a alegando que os pequenos produtores que comercializam suas produ\u00e7\u00f5es emitem documento fiscal de forma f\u00edsica e que a continuidade dessa pr\u00e1tica n\u00e3o compromete o controle e nem a lisura fiscal.<\/p>\n<p>&nbsp;<\/p>\n<p>O prazo anterior para que produtores adotassem a nota fiscal de produtos por meio eletr\u00f4nico seria a partir de 1\u00ba de julho desse ano, mas com a decis\u00e3o do governo agora a exig\u00eancia s\u00f3 ser\u00e1 feita a partir de maio do ano que vem.<\/p>\n<p>&nbsp;<\/p>\n<p>Antes de definir essa altera\u00e7\u00e3o, o Secretaria da Fazenda precisou levar o caso ao Conselho Fazend\u00e1rio Nacional, o Confaz, que re\u00fane representantes dos fiscos estaduais de todas as unidades da federa\u00e7\u00e3o. A proposta foi aprovada por unanimidade, o que garante a implementa\u00e7\u00e3o da medida.<\/p>\n<p>&nbsp;<\/p>\n<p>O presidente do sistema FAET, Paulo Carneiro, comemorou a prorroga\u00e7\u00e3o da decis\u00e3o e pontuou que a medida \u00e9 necess\u00e1ria diante da realidade de muitos produtores. Ele alegou que muitas propriedades rurais ainda n\u00e3o possuem acesso \u00e0 internet e que a decis\u00e3o n\u00e3o gera qualquer tipo de preju\u00edzo aos cofres p\u00fablicos.<\/p>\n<p>&nbsp;<\/p>\n<p>\u201cS\u00f3 temos que agradecer ao Governo do Estado por essa medida que mostra o compromisso dessa gest\u00e3o com nosso setor e com o agro tocantinense\u201d, destacou o presidente.<\/p>\n<p>&nbsp;<\/p>\n<p><em>Palmas, 09 de maio de 2023<\/em><\/p>\n<p>&nbsp;<\/p>\n<p><img decoding=\"async\" class=\"size-full wp-image-993 aligncenter\" src=\"https:\/\/sistemafaetsenar.org.br\/faet\/wp-content\/uploads\/2024\/01\/FAET-SENAR-Sindicatos.png\" alt=\"\" width=\"200\" height=\"61\" \/><\/p>\n","protected":false},"excerpt":{"rendered":"<p>Atendendo a um pedido da Federa\u00e7\u00e3o da Agricultura e Pecu\u00e1ria do Estado do Tocantins (FAET), o Governo do Tocantins, por meio da Secret\u00e1ria Estadual da Fazenda, prorrogou para o dia 1\u00ba de maio de 2024 a obrigatoriedade da emiss\u00e3o da Nota Fiscal Eletr\u00f4nica por parte dos pequenos produtores rurais em todo o Tocantins A solicita\u00e7\u00e3o [&hellip;]<\/p>\n","protected":false},"author":3,"featured_media":1045,"comment_status":"open","ping_status":"open","sticky":false,"template":"","format":"standard","meta":{"kia_subtitle":"Pedido foi atendido ap\u00f3s solicita\u00e7\u00e3o da FAET junto ao Governo do Estado","footnotes":""},"categories":[12,14,15,58],"tags":[33,77,76,42],"class_list":["post-1044","post","type-post","status-publish","format-standard","has-post-thumbnail","hentry","category-agrononegocio","category-diretoria","category-faet","category-sindicato-rural","tag-faet","tag-governo-do-tocantins","tag-nota-fiscal-eletronica","tag-produtor-rural"],"_links":{"self":[{"href":"https:\/\/sistemafaetsenar.org.br\/faet\/wp-json\/wp\/v2\/posts\/1044"}],"collection":[{"href":"https:\/\/sistemafaetsenar.org.br\/faet\/wp-json\/wp\/v2\/posts"}],"about":[{"href":"https:\/\/sistemafaetsenar.org.br\/faet\/wp-json\/wp\/v2\/types\/post"}],"author":[{"embeddable":true,"href":"https:\/\/sistemafaetsenar.org.br\/faet\/wp-json\/wp\/v2\/users\/3"}],"replies":[{"embeddable":true,"href":"https:\/\/sistemafaetsenar.org.br\/faet\/wp-json\/wp\/v2\/comments?post=1044"}],"version-history":[{"count":0,"href":"https:\/\/sistemafaetsenar.org.br\/faet\/wp-json\/wp\/v2\/posts\/1044\/revisions"}],"wp:featuredmedia":[{"embeddable":true,"href":"https:\/\/sistemafaetsenar.org.br\/faet\/wp-json\/wp\/v2\/media\/1045"}],"wp:attachment":[{"href":"https:\/\/sistemafaetsenar.org.br\/faet\/wp-json\/wp\/v2\/media?parent=1044"}],"wp:term":[{"taxonomy":"category","embeddable":true,"href":"https:\/\/sistemafaetsenar.org.br\/faet\/wp-json\/wp\/v2\/categories?post=1044"},{"taxonomy":"post_tag","embeddable":true,"href":"https:\/\/sistemafaetsenar.org.br\/faet\/wp-json\/wp\/v2\/tags?post=1044"}],"curies":[{"name":"wp","href":"https:\/\/api.w.org\/{rel}","templated":true}]}}