{"id":1042,"date":"2023-05-04T17:24:43","date_gmt":"2023-05-04T20:24:43","guid":{"rendered":"https:\/\/sistemafaetsenar.org.br\/faet\/?p=1042"},"modified":"2024-01-18T16:53:34","modified_gmt":"2024-01-18T19:53:34","slug":"agrotins-2023-sistema-faet-senar-tera-estrutura-inedita-e-programacao-especial-durante-a-feira","status":"publish","type":"post","link":"https:\/\/sistemafaetsenar.org.br\/faet\/agrotins-2023-sistema-faet-senar-tera-estrutura-inedita-e-programacao-especial-durante-a-feira\/","title":{"rendered":"Agrotins 2023: Sistema FAET\/Senar ter\u00e1 estrutura in\u00e9dita e programa\u00e7\u00e3o especial durante a feira"},"content":{"rendered":"<p>Entre os dias 16 a 20 de maio o Sistema FAET ter\u00e1 uma extens\u00e3o do trabalho realizado na maior feira tecnol\u00f3gica do norte do Brasil, a 23\u00aa edi\u00e7\u00e3o da Agrotins, em Palmas, capital do Tocantins. O estande de cerca de 1.200m\u00b2 vai oferecer conhecimento, interatividade, inova\u00e7\u00e3o e evolu\u00e7\u00e3o para o setor. \u201cEstamos trazendo especialistas de diversas cadeias, um novo formato de estande e uma programa\u00e7\u00e3o rica em conhecimento; nossas a\u00e7\u00f5es ir\u00e3o mostrar a for\u00e7a do setor que bate recordes de produ\u00e7\u00e3o e produtividade\u201d, pontuou o presidente do Sistema, Paulo Carneiro.<\/p>\n<p>&nbsp;<\/p>\n<p>Ser\u00e3o mais de 20 atra\u00e7\u00f5es como palestras, semin\u00e1rios, oficinas, realidade virtual, reuni\u00f5es setoriais, degusta\u00e7\u00e3o de produtos artesanais entre outros projetos desenvolvidos pelo sistema. Na \u00e1rea da pecu\u00e1ria de leite o especialista em produ\u00e7\u00e3o de leite, Chistiano Nassif, ir\u00e1 ministrar a palestra \u201c<em>Gerenciando centavos para ganhar milh\u00f5es<\/em>\u201d, al\u00e9m dele, os participantes v\u00e3o conhecer a hist\u00f3ria de um casal de produtores de Santana do Itarar\u00e9\/PR que vai compartilhar a experi\u00eancia bem-sucedida de uma pequena propriedade que \u00e9 modelo e altamente lucrativa.<\/p>\n<p>&nbsp;<\/p>\n<p><strong>Jovens no Agro<\/strong><\/p>\n<p>&nbsp;<\/p>\n<p>A programa\u00e7\u00e3o ter\u00e1 como atra\u00e7\u00e3o especial a influenciadora digital e produtora rural Camilla Telles, que ir\u00e1 ministrar a palestra \u201c<em>O Papel dos Jovens no Agroneg\u00f3cio<\/em>\u201d em um espa\u00e7o exclusivo para eles. A influenciadora que conhece bem a lida no campo, vai usar sua experi\u00eancia para gerar entusiasmo nos jovens, que segundo ela, ser\u00e3o os respons\u00e1veis pelas grandes transforma\u00e7\u00f5es no agro.<\/p>\n<p>&nbsp;<\/p>\n<p><strong>Realidade virtual e Agro 5.0<\/strong><\/p>\n<p>&nbsp;<\/p>\n<p>Entre as novidades desta edi\u00e7\u00e3o estar\u00e1 a exposi\u00e7\u00e3o de realidade virtual, onde os visitantes que passarem pela feira ter\u00e3o a oportunidade de vivenciar experi\u00eancias do dia a dia do campo. E o p\u00fablico tamb\u00e9m ter\u00e1 a oportunidade de conhecer o T\u00fanel do Agro, que vai apresentar a hist\u00f3ria da evolu\u00e7\u00e3o da agricultura, desde os prim\u00f3rdios at\u00e9 os dias atuais. Para a cadeia de Bovinocultura de Corte temas como pecu\u00e1ria lucrativa e expectativa para o mercado do boi gordo ser\u00e3o pontos importantes abordados. Na produ\u00e7\u00e3o de gr\u00e3os, o Doutor em Agronomia Cristiano Zerbato vai tratar sobre agricultura de precis\u00e3o.<\/p>\n<p>&nbsp;<\/p>\n<p><strong>Certifica\u00e7\u00e3o<\/strong><\/p>\n<p>&nbsp;<\/p>\n<p>Com o objetivo de abordar as premissas do Compliance, tema da Agrotins 2023 e do diagn\u00f3stico ambiental rural, o que fazer e como fazer e os benef\u00edcios a serem obtidos neste percurso, o Sistema FAET vai contar com uma palestra do agr\u00f4nomo Charles Santos. Segundo ele, a proposta \u00e9 destacar para os produtores rurais a import\u00e2ncia da Certifica\u00e7\u00e3o da Propriedade Rural.<\/p>\n<p>&nbsp;<\/p>\n<p><strong>For\u00e7a feminina no campo<\/strong><\/p>\n<p>&nbsp;<\/p>\n<p>As mulheres tamb\u00e9m ter\u00e3o uma aten\u00e7\u00e3o especial no estande. Al\u00e9m da apresenta\u00e7\u00e3o de casos de sucesso de mulheres que est\u00e3o \u00e0 frente dos neg\u00f3cios no campo, o sistema FAET pretende estimular o debate entre as mulheres que atuam no campo e implantar a <em>Comiss\u00e3o Estadual de Mulheres do Agro no Tocantins.<\/em> \u201cSer\u00e1 um momento hist\u00f3rico, porque queremos ouvir o que o segmento precisa, as demandas que as mulheres t\u00eam e como nossas institui\u00e7\u00f5es podem ajuda-las\u201d, destacou a superintendente do Senar, Rayley Campos Luzza. Ela explicou que a iniciativa \u00e9 convergir esfor\u00e7os em prol da valoriza\u00e7\u00e3o e do estimulo \u00e0 atua\u00e7\u00e3o feminina no setor.<\/p>\n<p>&nbsp;<\/p>\n<p><strong>Instala\u00e7\u00e3o de Frente Parlamentar<\/strong><\/p>\n<p>&nbsp;<\/p>\n<p>A participa\u00e7\u00e3o do sistema FAET pretende tamb\u00e9m levar mais informa\u00e7\u00f5es ao produtor na \u00e1rea de legisla\u00e7\u00e3o trabalhista e fiscaliza\u00e7\u00e3o nas propriedades, com o Assessor Jur\u00eddico da Comiss\u00e3o de Rela\u00e7\u00f5es do Trabalho da CNA, Rodrigo Hugueney. Al\u00e9m disso, o estande da entidade ser\u00e1 palco para a instala\u00e7\u00e3o da F<em>rente Parlamentar do Agro (FPA) <\/em>da Assembleia Legislativa do Tocantins e do <em>Encontro da Comiss\u00e3o de Desenvolvimento da Regi\u00e3o Norte<\/em>, que re\u00fane todos os presidentes de federa\u00e7\u00f5es da agricultura da regi\u00e3o norte do Brasil.<\/p>\n<p>&nbsp;<\/p>\n<p><img decoding=\"async\" class=\"size-full wp-image-993 aligncenter\" src=\"https:\/\/sistemafaetsenar.org.br\/faet\/wp-content\/uploads\/2024\/01\/FAET-SENAR-Sindicatos.png\" alt=\"\" width=\"200\" height=\"61\" \/><\/p>\n","protected":false},"excerpt":{"rendered":"<p>Entre os dias 16 a 20 de maio o Sistema FAET ter\u00e1 uma extens\u00e3o do trabalho realizado na maior feira tecnol\u00f3gica do norte do Brasil, a 23\u00aa edi\u00e7\u00e3o da Agrotins, em Palmas, capital do Tocantins. O estande de cerca de 1.200m\u00b2 vai oferecer conhecimento, interatividade, inova\u00e7\u00e3o e evolu\u00e7\u00e3o para o setor. \u201cEstamos trazendo especialistas de [&hellip;]<\/p>\n","protected":false},"author":3,"featured_media":1038,"comment_status":"open","ping_status":"open","sticky":false,"template":"","format":"standard","meta":{"kia_subtitle":"O estande de cerca de 1.200m\u00b2 vai oferecer conhecimento, interatividade, inova\u00e7\u00e3o e evolu\u00e7\u00e3o para o setor","footnotes":""},"categories":[72,13,16,20],"tags":[73,33,75],"class_list":["post-1042","post","type-post","status-publish","format-standard","has-post-thumbnail","hentry","category-agrotins","category-cursos-e-palestras","category-feiras-e-eventos","category-tecnologia","tag-agrotins","tag-faet","tag-feira-agrotecnologica"],"_links":{"self":[{"href":"https:\/\/sistemafaetsenar.org.br\/faet\/wp-json\/wp\/v2\/posts\/1042"}],"collection":[{"href":"https:\/\/sistemafaetsenar.org.br\/faet\/wp-json\/wp\/v2\/posts"}],"about":[{"href":"https:\/\/sistemafaetsenar.org.br\/faet\/wp-json\/wp\/v2\/types\/post"}],"author":[{"embeddable":true,"href":"https:\/\/sistemafaetsenar.org.br\/faet\/wp-json\/wp\/v2\/users\/3"}],"replies":[{"embeddable":true,"href":"https:\/\/sistemafaetsenar.org.br\/faet\/wp-json\/wp\/v2\/comments?post=1042"}],"version-history":[{"count":0,"href":"https:\/\/sistemafaetsenar.org.br\/faet\/wp-json\/wp\/v2\/posts\/1042\/revisions"}],"wp:featuredmedia":[{"embeddable":true,"href":"https:\/\/sistemafaetsenar.org.br\/faet\/wp-json\/wp\/v2\/media\/1038"}],"wp:attachment":[{"href":"https:\/\/sistemafaetsenar.org.br\/faet\/wp-json\/wp\/v2\/media?parent=1042"}],"wp:term":[{"taxonomy":"category","embeddable":true,"href":"https:\/\/sistemafaetsenar.org.br\/faet\/wp-json\/wp\/v2\/categories?post=1042"},{"taxonomy":"post_tag","embeddable":true,"href":"https:\/\/sistemafaetsenar.org.br\/faet\/wp-json\/wp\/v2\/tags?post=1042"}],"curies":[{"name":"wp","href":"https:\/\/api.w.org\/{rel}","templated":true}]}}