{"id":1037,"date":"2023-05-16T16:42:36","date_gmt":"2023-05-16T19:42:36","guid":{"rendered":"https:\/\/sistemafaetsenar.org.br\/faet\/?p=1037"},"modified":"2024-01-18T16:43:05","modified_gmt":"2024-01-18T19:43:05","slug":"estande-do-sistema-faet-senar-sera-o-maior-da-historia-em-23-edicoes-de-agrotins","status":"publish","type":"post","link":"https:\/\/sistemafaetsenar.org.br\/faet\/estande-do-sistema-faet-senar-sera-o-maior-da-historia-em-23-edicoes-de-agrotins\/","title":{"rendered":"Estande do Sistema FAET\/Senar ser\u00e1 o maior da hist\u00f3ria em 23 edi\u00e7\u00f5es de Agrotins"},"content":{"rendered":"<p>Os olhares do setor do agroneg\u00f3cio tocantinense se voltam para a maior feira de tecnologia agropecu\u00e1ria do norte do Brasil, a AGROTINS. Os preparativos finais para a 23\u00b0 edi\u00e7\u00e3o da feira est\u00e3o sendo feitos para garantir que o p\u00fablico tenha conforto e uma programa\u00e7\u00e3o de qualidade. A feira come\u00e7a nesta ter\u00e7a, mas a programa\u00e7\u00e3o na estrutura de cerca de 1.200m\u00b2 do estande do Sistema FAET\/Senar, o maior j\u00e1 montado pela entidade, ter\u00e1 in\u00edcio amanh\u00e3, dia 17, pela manh\u00e3, com o primeiro de tr\u00eas semin\u00e1rios que ser\u00e3o realizados, al\u00e9m de v\u00e1rias outras atra\u00e7\u00f5es.<\/p>\n<p>&nbsp;<\/p>\n<p>Os semin\u00e1rios de bovinocultura de corte, de leite e de gr\u00e3os v\u00e3o tratar de temas da atualidade que interessam ao produtor rural e a programa\u00e7\u00e3o especial do estande tem o apoio do Minist\u00e9rio da Agricultura e Pecu\u00e1ria e do Governo Federal.<\/p>\n<p>&nbsp;<\/p>\n<p>Palestras, semin\u00e1rios, emp\u00f3rio de produtos artesanais, reuni\u00f5es setoriais e exposi\u00e7\u00f5es de realidade virtual est\u00e3o entre as atra\u00e7\u00f5es do estande. Para o presidente do sistema, Paulo Carneiro, neste ano a participa\u00e7\u00e3o do sistema promete ser marcante.<\/p>\n<p>&nbsp;<\/p>\n<blockquote><p>\u201cAl\u00e9m da estrutura in\u00e9dita, n\u00f3s elaboramos uma programa\u00e7\u00e3o que conta com especialistas nas diversas cadeias produtivas. Nosso foco \u00e9 oferecer o melhor para aqueles que s\u00e3o a base da economia do nosso estado\u201d, afirmou o presidente.<\/p><\/blockquote>\n<p>&nbsp;<\/p>\n<p><strong>Capacita\u00e7\u00e3o e inova\u00e7\u00e3o<\/strong><\/p>\n<p>&nbsp;<\/p>\n<p>No primeiro dia de semin\u00e1rio, 17 de maio, o tema ser\u00e1 Bovinocultura de Leite. O especialista Chistiano Nassif, ir\u00e1 ministrar a palestra \u201cGerenciando centavos para ganhar milh\u00f5es\u201d. Para ele, \u00e9 poss\u00edvel acreditar que a pecu\u00e1ria leiteira \u00e9 um neg\u00f3cio atrativo para pequenos e m\u00e9dios produtores.<\/p>\n<p>&nbsp;<\/p>\n<blockquote><p>\u201c\u00c9 necess\u00e1rio ter efici\u00eancia, equil\u00edbrio de custo, escala de produ\u00e7\u00e3o e treinamento da m\u00e3o de obra. S\u00e3o diferenciais para que o produtor ganhe dinheiro\u201d, afirmou Nascif.<\/p><\/blockquote>\n<p>&nbsp;<\/p>\n<p>A hist\u00f3ria de casal que come\u00e7ou a produzir leite com sete animais e em pouco tempo se tornou refer\u00eancia na atividade tamb\u00e9m ser\u00e1 compartilhada no semin\u00e1rio. Os produtores Leomar Melo Martins e Marisa Alexandre Martins s\u00e3o do mun\u00edcipio de Santana do Itarar\u00e9-PR e v\u00e3o ministrar a palestra \u201cCriando um neg\u00f3cio rent\u00e1vel em 10 hectares\u201d.<\/p>\n<p>&nbsp;<\/p>\n<p>Eles pretendem mostrar aos participantes como agregar valor ao produto, dicas de neg\u00f3cio e agricultura familiar. Para a cadeia de Bovinocultura de Corte, j\u00e1 no dia 18, temas como pecu\u00e1ria lucrativa e expectativa para o mercado do boi gordo ser\u00e3o pontos importantes abordados. O zootecnista Fernando Scotta vai abordar a rentabilidade da pecu\u00e1ria, as oportunidades de melhoria da produ\u00e7\u00e3o, a evolu\u00e7\u00e3o e ado\u00e7\u00e3o de tecnologias na fazenda, al\u00e9m de tend\u00eancias e desafios do setor.<\/p>\n<p>&nbsp;<\/p>\n<p>J\u00e1 o palestrante Rafael Ribeiro, assessor t\u00e9cnico da Comiss\u00e3o Nacional de Pecu\u00e1ria de Corte da CNA, vai tratar do ciclo pecu\u00e1rio, oferta de gado, demanda por carne bovina e as exporta\u00e7\u00f5es brasileiras de carne, com foco especial na China. Ele tamb\u00e9m ir\u00e1 discutir os desafios e oportunidades proporcionados pelo uso de tecnologia e avan\u00e7os na rastreabilidade individual.<\/p>\n<p>&nbsp;<\/p>\n<p><strong>Semin\u00e1rio de Gr\u00e3os<\/strong><\/p>\n<p>&nbsp;<\/p>\n<p>No evento de Gr\u00e3os, o doutor em Agronomia, Cristiano Zerbato, vai tratar da agricultura de precis\u00e3o, apresentando t\u00e9cnicas e tecnologias usadas no campo que trazem resultados como aumento de produtividade e redu\u00e7\u00e3o de custo de produ\u00e7\u00e3o das lavouras.<\/p>\n<p>&nbsp;<\/p>\n<blockquote><p>\u201cExplicar que \u00e9 poss\u00edvel fazer agricultura de precis\u00e3o em pequenas propriedades e minimizar o custo de trabalho para maximizar os resultados, essa \u00e9 a proposta\u201d, afirmou o agr\u00f4nomo.<\/p>\n<p>&nbsp;<\/p><\/blockquote>\n<p>Com o objetivo de levar mais informa\u00e7\u00f5es ao produtor na \u00e1rea de legisla\u00e7\u00e3o trabalhista e fiscaliza\u00e7\u00e3o nas propriedades o estande contar\u00e1 com o Assessor Jur\u00eddico da Comiss\u00e3o de Rela\u00e7\u00f5es do Trabalho da CNA, Rodrigo Hugueney.<\/p>\n<p>&nbsp;<\/p>\n<p><strong>Jovens e mulheres do agro<\/strong><\/p>\n<p>&nbsp;<\/p>\n<p>Para os jovens, a programa\u00e7\u00e3o ter\u00e1 como atra\u00e7\u00e3o especial a influenciadora digital e produtora rural Camila Telles, que ir\u00e1 ministrar a palestra \u201cO Papel dos Jovens no Agroneg\u00f3cio\u201d em um espa\u00e7o especial para jovens produtores, estudantes universit\u00e1rios e o p\u00fablico que se interessa pelos temas do agro.<\/p>\n<p>&nbsp;<\/p>\n<p>A influenciadora, que conhece bem a lida no campo, vai usar sua experi\u00eancia para gerar entusiasmo nos jovens, que segundo ela, ser\u00e3o os respons\u00e1veis pelas grandes transforma\u00e7\u00f5es no agro. A palestrante \u00e9 um fen\u00f4meno nas redes sociais e seus v\u00eddeos j\u00e1 alcan\u00e7aram mais de 2 milh\u00f5es de internautas. \u00a0As mulheres tamb\u00e9m ter\u00e3o uma aten\u00e7\u00e3o especial no estande. Al\u00e9m da apresenta\u00e7\u00e3o de casos de sucesso de mulheres que est\u00e3o \u00e0 frente dos neg\u00f3cios no campo, o sistema FAET pretende estimular o debate entre as mulheres que atuam no campo que possa fomentar a\u00e7\u00f5es do segmento.<\/p>\n<p>&nbsp;<\/p>\n<p><strong>Realidade virtual e Evolu\u00e7\u00e3o do Agro<\/strong><\/p>\n<p>&nbsp;<\/p>\n<p>Entre as novidades desta edi\u00e7\u00e3o do sistema FAET\/Senar, estar\u00e1 a oficina de realidade virtual, onde os visitantes ter\u00e3o a oportunidade de vivenciar experi\u00eancias do dia a dia do campo. Com o uso de \u00f3culos 3D, os participantes ter\u00e3o a oportunidade de vivenciar uma atividade rural tecnificada, sem estar no ambiente real e ter a n\u00edtida sensa\u00e7\u00e3o de como os processos ocorrem.<\/p>\n<p>Al\u00e9m disso, outra atra\u00e7\u00e3o aguardada do estande \u00e9 o T\u00fanel com a Evolu\u00e7\u00e3o do Agro. Um passeio pela hist\u00f3ria para conhecer as diversas etapas do processo evolutivo da atividade agropecu\u00e1ria no Brasil.<\/p>\n<p>&nbsp;<\/p>\n<p><strong>Emp\u00f3rio Senar<\/strong><\/p>\n<p>&nbsp;<\/p>\n<p>Derivados do leite, doces e conservas, embutidos, defumados e exposi\u00e7\u00e3o de artesanatos. Esses s\u00e3o alguns dos produtos que ser\u00e3o expostos e ofertados para degusta\u00e7\u00e3o no Emp\u00f3rio do Senar. A vitrine vai mostrar a qualidade dos produtos que s\u00e3o frutos dos cursos e treinamentos em \u00e1reas como agroind\u00fastria e confec\u00e7\u00e3o.<\/p>\n<p>&nbsp;<\/p>\n<blockquote><p>\u201cMostrar nossas a\u00e7\u00f5es, a qualidade dos produtos e das boas pr\u00e1ticas \u00e9 o nosso objetivo\u201d, pontuou o Diretor do DEPPS, Luiz Claudio Faria.<\/p>\n<p>&nbsp;<\/p><\/blockquote>\n<p>Al\u00e9m disso, segundo ele, instrutores dos cursos estar\u00e3o dispon\u00edveis para tirar d\u00favidas sobre as capacita\u00e7\u00f5es, os treinamentos e como os produtores e trabalhadores rurais podem complementar suas rendas a partir dessas iniciativas.<\/p>\n<p>&nbsp;<\/p>\n<p><strong>Agenda hist\u00f3rica<\/strong><\/p>\n<p>&nbsp;<\/p>\n<p>O estande do sistema FAET\/Senar tamb\u00e9m ser\u00e1 palco de um momento hist\u00f3rico para o agroneg\u00f3cio tocantinense: no dia 18 de maio ser\u00e1 realizada a solenidade de lan\u00e7amento da Frente Parlamentar em Defesa do Agroneg\u00f3cio do Estado do Tocantins.<\/p>\n<p>&nbsp;<\/p>\n<p>A inciativa ir\u00e1 contar com a presen\u00e7a do Governador Wanderlei Barbosa e de deputados estaduais, al\u00e9m de outras autoridades. A Frente na Assembleia Legislativa do Estado do Tocantins tem a proposta de tratar de assuntos do setor.<\/p>\n<p>&nbsp;<\/p>\n<p>Al\u00e9m disso, o estande da entidade ir\u00e1 sediar uma reuni\u00e3o especial da Comiss\u00e3o Nacional de Desenvolvimento da Regi\u00e3o Norte da Confedera\u00e7\u00e3o de Agricultura e Pecu\u00e1ria do Brasil (CNA). Estar\u00e3o presentes os presidentes das Federa\u00e7\u00f5es da Agricultura e Pecu\u00e1ria dos estados da regi\u00e3o norte.<\/p>\n<p>&nbsp;<\/p>\n<p><img decoding=\"async\" class=\"size-full wp-image-993 aligncenter\" src=\"https:\/\/sistemafaetsenar.org.br\/faet\/wp-content\/uploads\/2024\/01\/FAET-SENAR-Sindicatos.png\" alt=\"\" width=\"200\" height=\"61\" \/><\/p>\n<p>&nbsp;<\/p>\n<p>&nbsp;<\/p>\n","protected":false},"excerpt":{"rendered":"<p>Os olhares do setor do agroneg\u00f3cio tocantinense se voltam para a maior feira de tecnologia agropecu\u00e1ria do norte do Brasil, a AGROTINS. Os preparativos finais para a 23\u00b0 edi\u00e7\u00e3o da feira est\u00e3o sendo feitos para garantir que o p\u00fablico tenha conforto e uma programa\u00e7\u00e3o de qualidade. A feira come\u00e7a nesta ter\u00e7a, mas a programa\u00e7\u00e3o na [&hellip;]<\/p>\n","protected":false},"author":3,"featured_media":1038,"comment_status":"open","ping_status":"open","sticky":false,"template":"","format":"standard","meta":{"kia_subtitle":"A estrutura de cerca de 1.200m\u00b2 ser\u00e1 o maior j\u00e1 montado pela entidade","footnotes":""},"categories":[72,15,16,20],"tags":[73,75,50],"class_list":["post-1037","post","type-post","status-publish","format-standard","has-post-thumbnail","hentry","category-agrotins","category-faet","category-feiras-e-eventos","category-tecnologia","tag-agrotins","tag-feira-agrotecnologica","tag-tecnologia"],"_links":{"self":[{"href":"https:\/\/sistemafaetsenar.org.br\/faet\/wp-json\/wp\/v2\/posts\/1037"}],"collection":[{"href":"https:\/\/sistemafaetsenar.org.br\/faet\/wp-json\/wp\/v2\/posts"}],"about":[{"href":"https:\/\/sistemafaetsenar.org.br\/faet\/wp-json\/wp\/v2\/types\/post"}],"author":[{"embeddable":true,"href":"https:\/\/sistemafaetsenar.org.br\/faet\/wp-json\/wp\/v2\/users\/3"}],"replies":[{"embeddable":true,"href":"https:\/\/sistemafaetsenar.org.br\/faet\/wp-json\/wp\/v2\/comments?post=1037"}],"version-history":[{"count":0,"href":"https:\/\/sistemafaetsenar.org.br\/faet\/wp-json\/wp\/v2\/posts\/1037\/revisions"}],"wp:featuredmedia":[{"embeddable":true,"href":"https:\/\/sistemafaetsenar.org.br\/faet\/wp-json\/wp\/v2\/media\/1038"}],"wp:attachment":[{"href":"https:\/\/sistemafaetsenar.org.br\/faet\/wp-json\/wp\/v2\/media?parent=1037"}],"wp:term":[{"taxonomy":"category","embeddable":true,"href":"https:\/\/sistemafaetsenar.org.br\/faet\/wp-json\/wp\/v2\/categories?post=1037"},{"taxonomy":"post_tag","embeddable":true,"href":"https:\/\/sistemafaetsenar.org.br\/faet\/wp-json\/wp\/v2\/tags?post=1037"}],"curies":[{"name":"wp","href":"https:\/\/api.w.org\/{rel}","templated":true}]}}