{"id":1034,"date":"2023-04-04T14:55:54","date_gmt":"2023-04-04T17:55:54","guid":{"rendered":"https:\/\/sistemafaetsenar.org.br\/faet\/?p=1034"},"modified":"2024-01-18T16:34:49","modified_gmt":"2024-01-18T19:34:49","slug":"sistema-faet-prestigia-lancamento-da-agrotins-2023","status":"publish","type":"post","link":"https:\/\/sistemafaetsenar.org.br\/faet\/sistema-faet-prestigia-lancamento-da-agrotins-2023\/","title":{"rendered":"Sistema FAET prestigia lan\u00e7amento da Agrotins 2023"},"content":{"rendered":"<p>O presidente do sistema FAET, Paulo Carneiro, participou do lan\u00e7amento da Feira de Tecnologia Agropecu\u00e1ria do Tocantins \u2013 Agrotins, no audit\u00f3rio do Pal\u00e1cio Araguaia, em Palmas. O evento deste ano promete gerar neg\u00f3cios na ordem de R$ 3 bilh\u00f5es.<\/p>\n<p>&nbsp;<\/p>\n<p>Com o tema \u201cCompliance no Agro\u201d, a feira pretende estimular a produ\u00e7\u00e3o de acordo com as normas que regulamentam o setor. O objetivo \u00e9 proporcionar condi\u00e7\u00f5es para que a atividade rural seja mais sustent\u00e1vel.<\/p>\n<p>&nbsp;<\/p>\n<p>Na abertura da solenidade, o Governador do Tocantins, Wanderley Barbosa, ressaltou a for\u00e7a do agro no estado. Segundo ele, durante sua gest\u00e3o, mais de 800 empresas ligadas ao agro j\u00e1 foram abertas.<\/p>\n<p>&nbsp;<\/p>\n<p>&#8220;O que buscamos \u00e9 a gera\u00e7\u00e3o de oportunidades e a Agrotins \u00e9 esse ambiente, reunindo expositores de todos lugares, consolidando como a maior feira do norte do Brasil\u201d, destacou o governador.<\/p>\n<p>&nbsp;<\/p>\n<p>A edi\u00e7\u00e3o de 2023 acontecer\u00e1 entre os dias 16 e 20 de maio e reunir\u00e1 expositores de m\u00e1quinas, insumos e tecnologias para o campo.<\/p>\n<p>&nbsp;<\/p>\n<p>A Agrotins \u00e9 um evento j\u00e1 consolidado no estado. Por isso, o sistema FAET vai estar presente nesta edi\u00e7\u00e3o com um estande que promete ter uma programa\u00e7\u00e3o especial para o produtor rural, seja ele pequeno, m\u00e9dio ou grande.<\/p>\n<p>&nbsp;<\/p>\n<p>Em 2022, o estande do sistema recebeu mais de 5 mil visitantes que participaram da programa\u00e7\u00e3o. \u201cSabemos da import\u00e2ncia dessas exposi\u00e7\u00f5es para o setor rural. S\u00e3o elas que estimulam neg\u00f3cios, geram conhecimento e levam tecnologia e inova\u00e7\u00e3o para o produtor\u201d, concluiu Paulo Carneiro.<\/p>\n<p>&nbsp;<\/p>\n<p style=\"text-align: center;\"><img decoding=\"async\" class=\"alignnone size-full wp-image-993\" src=\"https:\/\/sistemafaetsenar.org.br\/faet\/wp-content\/uploads\/2024\/01\/FAET-SENAR-Sindicatos.png\" alt=\"\" width=\"200\" height=\"61\" \/><\/p>\n","protected":false},"excerpt":{"rendered":"<p>O presidente do sistema FAET, Paulo Carneiro, participou do lan\u00e7amento da Feira de Tecnologia Agropecu\u00e1ria do Tocantins \u2013 Agrotins, no audit\u00f3rio do Pal\u00e1cio Araguaia, em Palmas. O evento deste ano promete gerar neg\u00f3cios na ordem de R$ 3 bilh\u00f5es. &nbsp; Com o tema \u201cCompliance no Agro\u201d, a feira pretende estimular a produ\u00e7\u00e3o de acordo com [&hellip;]<\/p>\n","protected":false},"author":3,"featured_media":1035,"comment_status":"open","ping_status":"open","sticky":false,"template":"","format":"standard","meta":{"kia_subtitle":"Com o tema \u201cCompliance no Agro\u201d, feira pretende estimular a produ\u00e7\u00e3o de acordo com as normas que regulamentam o setor","footnotes":""},"categories":[12,72,16,20],"tags":[73,74,50],"class_list":["post-1034","post","type-post","status-publish","format-standard","has-post-thumbnail","hentry","category-agrononegocio","category-agrotins","category-feiras-e-eventos","category-tecnologia","tag-agrotins","tag-feira-agropecuaria","tag-tecnologia"],"_links":{"self":[{"href":"https:\/\/sistemafaetsenar.org.br\/faet\/wp-json\/wp\/v2\/posts\/1034"}],"collection":[{"href":"https:\/\/sistemafaetsenar.org.br\/faet\/wp-json\/wp\/v2\/posts"}],"about":[{"href":"https:\/\/sistemafaetsenar.org.br\/faet\/wp-json\/wp\/v2\/types\/post"}],"author":[{"embeddable":true,"href":"https:\/\/sistemafaetsenar.org.br\/faet\/wp-json\/wp\/v2\/users\/3"}],"replies":[{"embeddable":true,"href":"https:\/\/sistemafaetsenar.org.br\/faet\/wp-json\/wp\/v2\/comments?post=1034"}],"version-history":[{"count":0,"href":"https:\/\/sistemafaetsenar.org.br\/faet\/wp-json\/wp\/v2\/posts\/1034\/revisions"}],"wp:featuredmedia":[{"embeddable":true,"href":"https:\/\/sistemafaetsenar.org.br\/faet\/wp-json\/wp\/v2\/media\/1035"}],"wp:attachment":[{"href":"https:\/\/sistemafaetsenar.org.br\/faet\/wp-json\/wp\/v2\/media?parent=1034"}],"wp:term":[{"taxonomy":"category","embeddable":true,"href":"https:\/\/sistemafaetsenar.org.br\/faet\/wp-json\/wp\/v2\/categories?post=1034"},{"taxonomy":"post_tag","embeddable":true,"href":"https:\/\/sistemafaetsenar.org.br\/faet\/wp-json\/wp\/v2\/tags?post=1034"}],"curies":[{"name":"wp","href":"https:\/\/api.w.org\/{rel}","templated":true}]}}