{"id":1031,"date":"2023-04-19T16:28:32","date_gmt":"2023-04-19T19:28:32","guid":{"rendered":"https:\/\/sistemafaetsenar.org.br\/faet\/?p=1031"},"modified":"2024-01-18T17:41:40","modified_gmt":"2024-01-18T20:41:40","slug":"faet-se-reune-com-deputados-e-naturatins-para-discutir-demandas-ambientais","status":"publish","type":"post","link":"https:\/\/sistemafaetsenar.org.br\/faet\/faet-se-reune-com-deputados-e-naturatins-para-discutir-demandas-ambientais\/","title":{"rendered":"FAET se re\u00fane com deputados e Naturatins para discutir demandas ambientais"},"content":{"rendered":"<p>Os produtores rurais do Tocantins est\u00e3o enfrentando demandas ambientais que podem afetar a produ\u00e7\u00e3o e a economia local se n\u00e3o forem tomadas medidas urgentes que n\u00e3o prejudiquem o segmento. O entendimento \u00e9 da Federa\u00e7\u00e3o da Agricultura e Pecu\u00e1ria do Estado do Tocantins \u2013 FAET, que promoveu uma reuni\u00e3o com deputados estaduais e representantes do Naturatins, o \u00f3rg\u00e3o ambiental do estado.<\/p>\n<p>&nbsp;<\/p>\n<p>Segundo o secret\u00e1rio da FAET, Carlos Ribeiro, que fez uma exposi\u00e7\u00e3o dos problemas, duas quest\u00f5es est\u00e3o na ordem do dia do produtor rural tocantinense. Ele contou que muitos produtores rurais tinham averba\u00e7\u00e3o de reserva ambiental fora de suas propriedades produtivas com base numa legisla\u00e7\u00e3o ambiental estadual, que foi considerada inconstitucional. Agora, os propriet\u00e1rios rurais est\u00e3o sendo obrigados a demarcar \u00e1rea de reserva dentro das fazendas produtivas e a realizarem a recomposi\u00e7\u00e3o das \u00e1reas desmatadas, penalizando a atividade.<\/p>\n<p>&nbsp;<\/p>\n<p>Outra quest\u00e3o \u00e9 que as propriedades rurais na regi\u00e3o do Bico do Papagaio, numa \u00e1rea que equivale a 9% das terras tocantinenses, foram enquadradas no bioma amaz\u00f4nico e, conforme a legisla\u00e7\u00e3o ambiental nacional as reservas precisam ser de 80% e n\u00e3o 50% das \u00e1reas, como foram averbadas no passado. A medida pode impactar sensivelmente a atividade produtiva na regi\u00e3o e, inclusive, desvalorizar os im\u00f3veis rurais.<\/p>\n<p>&nbsp;<\/p>\n<p>\u201cToda essa situa\u00e7\u00e3o est\u00e1 gerando um clima de inseguran\u00e7a no campo, que est\u00e1 preocupando os produtores. N\u00f3s da Federa\u00e7\u00e3o queremos encontrar uma solu\u00e7\u00e3o com muito bom senso para essas quest\u00f5es porque os produtores agiram no passado com base na lei da \u00e9poca e se houve uma mudan\u00e7a, eles n\u00e3o podem ser penalizados por isso\u201d, disse o presidente da FAET, Paulo Carneiro.<\/p>\n<p>&nbsp;<\/p>\n<p>Na reuni\u00e3o, a dire\u00e7\u00e3o da entidade alertou sobre os impactos que essa situa\u00e7\u00e3o j\u00e1 est\u00e1 provocando no campo, das consequ\u00eancias dessas medidas para a produ\u00e7\u00e3o agropecu\u00e1ria estadual e, consequentemente, para a pr\u00f3pria economia do estado. Por isso, foi sugerido que a Assembleia Legislativa retome a discuss\u00e3o do C\u00f3digo Florestal estadual que est\u00e1 em tramita\u00e7\u00e3o na Casa de Leis e que ajude o setor a encontrar um caminho para esses conflitos.<\/p>\n<p>&nbsp;<\/p>\n<p>Os deputados reconheceram a preocupa\u00e7\u00e3o da FAET e se colocaram \u00e0 disposi\u00e7\u00e3o para discutir solu\u00e7\u00f5es para os problemas relatados. O deputado Gutierrez Torquato garantiu que o assunto vai ser levado \u00e0 Assembleia e ao Governador Vanderlei Barbosa que, segundo ele, \u00e9 sens\u00edvel \u00e0 causa.<\/p>\n<p>&nbsp;<\/p>\n<p>O deputado Luciano Oliveira disse que espera receber contribui\u00e7\u00f5es do segmento rural para fomentar as iniciativas a serem realizadas no parlamento estadual. E outro parlamentar presente na reuni\u00e3o, Wiston Gomes, considerou que a a\u00e7\u00e3o do Ibama tem sido muito dura com os produtores que no passado agiram conforme a legisla\u00e7\u00e3o vigente at\u00e9 ent\u00e3o.<\/p>\n<p>&nbsp;<\/p>\n<p>Tamb\u00e9m estiverem presentes Thiago Dourado, chefe de gabinete do deputado Eduardo Mantoan e Lucas Naves, Felipe Pimp\u00e3o e Dulc\u00e9lio Stival, pelo Naturatins.\u00a0 E pelo sistema FAET, Rayley Luzza, superintendente do Senar, Frederico Sodr\u00e9, superintendente adjunto e Luiz Renato Provenzano, diretor jur\u00eddico, al\u00e9m de Luiz Vanderlei Pereira, conselheiro da FAET no Conselho de Meio Ambiente.<\/p>\n<p>&nbsp;<\/p>\n<p><img decoding=\"async\" class=\"size-full wp-image-993 aligncenter\" src=\"https:\/\/sistemafaetsenar.org.br\/faet\/wp-content\/uploads\/2024\/01\/FAET-SENAR-Sindicatos.png\" alt=\"\" width=\"200\" height=\"61\" \/><\/p>\n<p>&nbsp;<\/p>\n","protected":false},"excerpt":{"rendered":"<p>Os produtores rurais do Tocantins est\u00e3o enfrentando demandas ambientais que podem afetar a produ\u00e7\u00e3o e a economia local se n\u00e3o forem tomadas medidas urgentes que n\u00e3o prejudiquem o segmento. O entendimento \u00e9 da Federa\u00e7\u00e3o da Agricultura e Pecu\u00e1ria do Estado do Tocantins \u2013 FAET, que promoveu uma reuni\u00e3o com deputados estaduais e representantes do Naturatins, [&hellip;]<\/p>\n","protected":false},"author":3,"featured_media":1033,"comment_status":"open","ping_status":"open","sticky":false,"template":"","format":"standard","meta":{"kia_subtitle":"Na reuni\u00e3o, a dire\u00e7\u00e3o da entidade alertou sobre os impactos que essa situa\u00e7\u00e3o j\u00e1 est\u00e1 provocando no campo","footnotes":""},"categories":[12,68,14,15],"tags":[57,70,71],"class_list":["post-1031","post","type-post","status-publish","format-standard","has-post-thumbnail","hentry","category-agrononegocio","category-demandas-ambientais","category-diretoria","category-faet","tag-assembleia-legislativa","tag-demandas-ambientais","tag-naturatins"],"_links":{"self":[{"href":"https:\/\/sistemafaetsenar.org.br\/faet\/wp-json\/wp\/v2\/posts\/1031"}],"collection":[{"href":"https:\/\/sistemafaetsenar.org.br\/faet\/wp-json\/wp\/v2\/posts"}],"about":[{"href":"https:\/\/sistemafaetsenar.org.br\/faet\/wp-json\/wp\/v2\/types\/post"}],"author":[{"embeddable":true,"href":"https:\/\/sistemafaetsenar.org.br\/faet\/wp-json\/wp\/v2\/users\/3"}],"replies":[{"embeddable":true,"href":"https:\/\/sistemafaetsenar.org.br\/faet\/wp-json\/wp\/v2\/comments?post=1031"}],"version-history":[{"count":0,"href":"https:\/\/sistemafaetsenar.org.br\/faet\/wp-json\/wp\/v2\/posts\/1031\/revisions"}],"wp:featuredmedia":[{"embeddable":true,"href":"https:\/\/sistemafaetsenar.org.br\/faet\/wp-json\/wp\/v2\/media\/1033"}],"wp:attachment":[{"href":"https:\/\/sistemafaetsenar.org.br\/faet\/wp-json\/wp\/v2\/media?parent=1031"}],"wp:term":[{"taxonomy":"category","embeddable":true,"href":"https:\/\/sistemafaetsenar.org.br\/faet\/wp-json\/wp\/v2\/categories?post=1031"},{"taxonomy":"post_tag","embeddable":true,"href":"https:\/\/sistemafaetsenar.org.br\/faet\/wp-json\/wp\/v2\/tags?post=1031"}],"curies":[{"name":"wp","href":"https:\/\/api.w.org\/{rel}","templated":true}]}}