{"id":1027,"date":"2023-04-03T16:17:39","date_gmt":"2023-04-03T19:17:39","guid":{"rendered":"https:\/\/sistemafaetsenar.org.br\/faet\/?p=1027"},"modified":"2024-01-18T16:20:19","modified_gmt":"2024-01-18T19:20:19","slug":"evento-do-sistema-faet-e-o-maior-do-agro-ja-realizado-no-bico-do-papagaio","status":"publish","type":"post","link":"https:\/\/sistemafaetsenar.org.br\/faet\/evento-do-sistema-faet-e-o-maior-do-agro-ja-realizado-no-bico-do-papagaio\/","title":{"rendered":"Evento do Sistema FAET \u00e9 o maior do agro j\u00e1 realizado no Bico do Papagaio"},"content":{"rendered":"<p>\u201cEssa \u00e9 uma a\u00e7\u00e3o para promover o desenvolvimento da regi\u00e3o. O sistema FAET, e o sindicato rural de Augustin\u00f3polis e os demais sindicatos do Bico j\u00e1 promoveu a capacita\u00e7\u00e3o de quase 1.300 pessoas em cursos de forma\u00e7\u00e3o profissional e atualmente atendemos 825 produtores no programa de assist\u00eancia t\u00e9cnica. Com o Agro Forte estamos atualizando nossos produtores e dando oportunidade para que eles produzam mais, tenha seguran\u00e7a nas suas atividades e estejam por dentro do que h\u00e1 de novo no agro\u201d.<\/p>\n<p>&nbsp;<\/p>\n<p>As palavras do presidente do sistema FAET, Paulo Carneiro marcaram a primeira edi\u00e7\u00e3o do AgroForte FAET\/Senar, realizado no parque de exposi\u00e7\u00f5es Dilson Martins, em Augustin\u00f3polis. A principal cadeia produtiva da regi\u00e3o \u00e9 Bovinocultura de Corte, com mais de 67mil cabe\u00e7as de gado. Por isso, o principal tema do evento discutiu o combate \u00e0 cigarrinha, a pior praga das pastagens. O evento tamb\u00e9m tratou de quest\u00f5es que preocupam os produtores rurais, como o licenciamento ambiental, a regulariza\u00e7\u00e3o fundi\u00e1ria e a seguran\u00e7a no campo.<\/p>\n<p>&nbsp;<\/p>\n<p>Anfitri\u00e3 do evento, a presidente do Sindicato Rural de Augustin\u00f3polis, C\u00e1ssia Cayres, comemorou o sucesso do Agro Forte. \u201cO evento atendeu as pautas de peso do nosso setor. Ficamos felizes em ver que a FAET tem nos representado bem e cumprido seu papel de dar informa\u00e7\u00f5es, apoio e seguran\u00e7a para o produtor\u201d, destacou.<\/p>\n<p>&nbsp;<\/p>\n<p>Tamb\u00e9m participaram do evento, o presidente da Assembleia Legislativa, Am\u00e9lio Cayres, o deputado estadual Fabion Gomes, o prefeito do munic\u00edpio, Ant\u00f4nio do Bar e o pecuarista J\u00fanior Marzola, que representou o senador Eduardo Gomes.<\/p>\n<p>&nbsp;<\/p>\n<p><strong>Demandas e informa\u00e7\u00e3o t\u00e9cnica<\/strong><\/p>\n<p>&nbsp;<\/p>\n<p>A palestra mais esperada tratou do controle da cigarrinha nas pastagens. O pesquisador da Embrapa, Roni de Azevedo, explicou que o combate \u00e0 praga que destr\u00f3i pastagens tem que se atentar \u00e0s diversas esp\u00e9cies do inseto. \u201cS\u00e3o diferentes ciclos e diferentes danos que elas podem causar. Por isso, nunca \u00e9 s\u00f3 um inseticida a ser usado, mas tamb\u00e9m o uso de cultivares resistentes, boas pr\u00e1ticas de produ\u00e7\u00e3o do capim, de rota\u00e7\u00e3o de cultura e de fertiliza\u00e7\u00f5es adequadas que v\u00e3o garantir bons resultados\u201d, explicou.<\/p>\n<p>&nbsp;<\/p>\n<p>A produtora rural Elizabeth Costa j\u00e1 sofreu muito com a cigarrinha e sabe como \u00e9 importante agir certo. \u201cNa \u00e9poca do surto eu tive muitos preju\u00edzos com minha pastagem, mas hoje entendi que um dos pontos chaves para minimizar a situa\u00e7\u00e3o \u00e9 fazer uma avalia\u00e7\u00e3o logo no in\u00edcio das chuvas e j\u00e1 ficarmos atentos para nos antecipar a esses ataques\u201d, pontuou.<\/p>\n<p>&nbsp;<\/p>\n<p>No evento tamb\u00e9m foi tratado do licenciamento ambiental. Os produtores fizeram cr\u00edticas aos processos morosos para obter a documenta\u00e7\u00e3o. Os representantes do Naturatins justificaram os atrasos e orientaram os produtores sobre medias para tentar agilizar o andamento dos processos.<\/p>\n<p>&nbsp;<\/p>\n<p>Outro ponto que chamou a aten\u00e7\u00e3o dos participantes do evento foi a seguran\u00e7a no campo. O coronel M\u00e1rcio Miranda, que representou o comando geral da Pol\u00edcia Militar, ressaltou o fortalecimento do patrulhamento rural e o compromisso da PM com a seguran\u00e7a no campo. \u201cSer\u00e1 adotada uma postura de toler\u00e2ncia zero com o objetivo de preservar a ordem p\u00fablica, tanto em \u00e1rea urbana quanto em \u00e1rea rural, combatendo as invas\u00f5es de propriedades\u201d, afirmou. Na ocasi\u00e3o, a PM explicou como funciona a patrulha rural e disse que em breve uma equipe de novos militares estar\u00e1 pronta para atuar na zona rural dos munic\u00edpios tocantinenses.<\/p>\n<p>&nbsp;<\/p>\n<p>O \u201c1\u00ba Agro Forte\u201d tamb\u00e9m apresentou um <em>caso de sucesso<\/em> do produtor Clodoaldo Batista, de Palmeiras do Tocantins. Entre as implementa\u00e7\u00f5es realizadas por meio da assist\u00eancia t\u00e9cnica do Senar, destacaram-se o ajuste no manejo de pastagem, a sele\u00e7\u00e3o dos melhores animais para fornecimento de silagem e o controle zoot\u00e9cnico do rebanho. Como resultado dessas e de outras interven\u00e7\u00f5es, o produtor conseguiu aumento de 45% em produ\u00e7\u00e3o de leite e 80% em lucro produzido por cada litro de leite.<\/p>\n<p>&nbsp;<\/p>\n<p>A programa\u00e7\u00e3o tamb\u00e9m incluiu palestra sobre regulariza\u00e7\u00e3o fundi\u00e1ria, com o presidente da Comiss\u00e3o do tema da OAB\/TO, Geraldo Freitas, que destacou a import\u00e2ncia da documenta\u00e7\u00e3o das fazendas da regi\u00e3o, onde grande parte ainda tem pend\u00eancias que prejudicam o acesso a benef\u00edcios como o cr\u00e9dito rural.<\/p>\n<p>&nbsp;<\/p>\n<p>Os produtores rurais tamb\u00e9m puderam tirar d\u00favidas sobre cr\u00e9dito rural com as institui\u00e7\u00f5es financeiras que estiveram presentes: o Banco do Brasil e o Banco da Amaz\u00f4nia. Tamb\u00e9m prestigiaram o evento os presidentes dos sindicatos rurais de Aragua\u00e7u, Almas, Ponte Alta do Bom Jesus, Lagoa da Confus\u00e3o, Anan\u00e1s, Araguatins e Tocantin\u00f3polis.<\/p>\n<p>&nbsp;<\/p>\n<p><img decoding=\"async\" class=\"size-full wp-image-993 aligncenter\" src=\"https:\/\/sistemafaetsenar.org.br\/faet\/wp-content\/uploads\/2024\/01\/FAET-SENAR-Sindicatos.png\" alt=\"\" width=\"200\" height=\"61\" \/><\/p>\n","protected":false},"excerpt":{"rendered":"<p>\u201cEssa \u00e9 uma a\u00e7\u00e3o para promover o desenvolvimento da regi\u00e3o. O sistema FAET, e o sindicato rural de Augustin\u00f3polis e os demais sindicatos do Bico j\u00e1 promoveu a capacita\u00e7\u00e3o de quase 1.300 pessoas em cursos de forma\u00e7\u00e3o profissional e atualmente atendemos 825 produtores no programa de assist\u00eancia t\u00e9cnica. Com o Agro Forte estamos atualizando nossos [&hellip;]<\/p>\n","protected":false},"author":3,"featured_media":1028,"comment_status":"open","ping_status":"open","sticky":false,"template":"","format":"standard","meta":{"kia_subtitle":"O 1\u00ba Agro Forte FAET\/Senar reuniu cerca de 500 produtores, trabalhadores rurais e estudantes de agr\u00e1rias da regi\u00e3o","footnotes":""},"categories":[60,12,13,15,16,58,20],"tags":[61,62,66],"class_list":["post-1027","post","type-post","status-publish","format-standard","has-post-thumbnail","hentry","category-agroforte","category-agrononegocio","category-cursos-e-palestras","category-faet","category-feiras-e-eventos","category-sindicato-rural","category-tecnologia","tag-agroforte","tag-bico-do-papagaio","tag-sindicato-rural"],"_links":{"self":[{"href":"https:\/\/sistemafaetsenar.org.br\/faet\/wp-json\/wp\/v2\/posts\/1027"}],"collection":[{"href":"https:\/\/sistemafaetsenar.org.br\/faet\/wp-json\/wp\/v2\/posts"}],"about":[{"href":"https:\/\/sistemafaetsenar.org.br\/faet\/wp-json\/wp\/v2\/types\/post"}],"author":[{"embeddable":true,"href":"https:\/\/sistemafaetsenar.org.br\/faet\/wp-json\/wp\/v2\/users\/3"}],"replies":[{"embeddable":true,"href":"https:\/\/sistemafaetsenar.org.br\/faet\/wp-json\/wp\/v2\/comments?post=1027"}],"version-history":[{"count":0,"href":"https:\/\/sistemafaetsenar.org.br\/faet\/wp-json\/wp\/v2\/posts\/1027\/revisions"}],"wp:featuredmedia":[{"embeddable":true,"href":"https:\/\/sistemafaetsenar.org.br\/faet\/wp-json\/wp\/v2\/media\/1028"}],"wp:attachment":[{"href":"https:\/\/sistemafaetsenar.org.br\/faet\/wp-json\/wp\/v2\/media?parent=1027"}],"wp:term":[{"taxonomy":"category","embeddable":true,"href":"https:\/\/sistemafaetsenar.org.br\/faet\/wp-json\/wp\/v2\/categories?post=1027"},{"taxonomy":"post_tag","embeddable":true,"href":"https:\/\/sistemafaetsenar.org.br\/faet\/wp-json\/wp\/v2\/tags?post=1027"}],"curies":[{"name":"wp","href":"https:\/\/api.w.org\/{rel}","templated":true}]}}