{"id":1023,"date":"2023-03-01T16:08:17","date_gmt":"2023-03-01T19:08:17","guid":{"rendered":"https:\/\/sistemafaetsenar.org.br\/faet\/?p=1023"},"modified":"2024-01-18T16:08:40","modified_gmt":"2024-01-18T19:08:40","slug":"sistema-faet-divulga-calendario-de-eventos-rurais-para-2023","status":"publish","type":"post","link":"https:\/\/sistemafaetsenar.org.br\/faet\/sistema-faet-divulga-calendario-de-eventos-rurais-para-2023\/","title":{"rendered":"Sistema FAET divulga calend\u00e1rio de eventos rurais para 2023"},"content":{"rendered":"<p>\u201cO Tocantins tem voca\u00e7\u00e3o para produzir e isso precisa ser estimulado por meio de eventos rurais, como as nossas tradicionais exposi\u00e7\u00f5es agropecu\u00e1rias\u201d. As palavras s\u00e3o do presidente do Sistema FAET, Paulo Carneiro, no anuncio oficial do Calend\u00e1rio das Exposi\u00e7\u00f5es Agropecu\u00e1rias de 2023, que prev\u00ea a realiza\u00e7\u00e3o de 39 eventos, entre cavalgadas, rodeios e feiras agropecu\u00e1rias.<\/p>\n<p>&nbsp;<\/p>\n<p>Os n\u00fameros comprovam o sucesso desta tradi\u00e7\u00e3o cultural do estado. Em 2022, al\u00e9m da gera\u00e7\u00e3o de emprego e renda, os eventos movimentaram cerca de R$ 300 milh\u00f5es em volume de neg\u00f3cios, al\u00e9m de um p\u00fablico de 740 mil pessoas. Os eventos tamb\u00e9m foram importantes canais para os produtores rurais, do pequeno ao grande, trocarem informa\u00e7\u00f5es e acessarem novas tecnologias.<\/p>\n<p>&nbsp;<\/p>\n<p>Neste ano, ao lado dos sindicatos rurais, o Sistema FAET quer contribuir ainda mais com a capacita\u00e7\u00e3o do homem do campo. Segundo o presidente da FAET, isso contribui decisivamente para a valoriza\u00e7\u00e3o e desenvolvimento do setor. \u201cQueremos ampliar o n\u00famero de capacita\u00e7\u00f5es durante esses eventos levando mais oficinas e palestras\u201d.<\/p>\n<p>&nbsp;<\/p>\n<p>Paulo Carneiro tamb\u00e9m enfatizou a necessidade das feiras do Tocantins ganharem um novo formato: \u201cfeiras de neg\u00f3cios\u201d. Esse ser\u00e1 um dos principais focos a partir desse ano: \u201cQueremos que sejam eventos pensados para o produtor e que permitam criar estrat\u00e9gias que estimulem novas pr\u00e1ticas que resultem em aumento de produ\u00e7\u00e3o, produtividade e rentabilidade no campo\u201d, afirmou.<\/p>\n<p>&nbsp;<\/p>\n<p>As feiras come\u00e7am no in\u00edcio do m\u00eas de abril e seguem at\u00e9 outubro. A programa\u00e7\u00e3o 2023 pode ser consultada por meio do link: www.sistemafaetsenar.org.br<\/p>\n<p>&nbsp;<\/p>\n<p><em>Palmas, 01 de mar\u00e7o de 2023<\/em><\/p>\n","protected":false},"excerpt":{"rendered":"<p>\u201cO Tocantins tem voca\u00e7\u00e3o para produzir e isso precisa ser estimulado por meio de eventos rurais, como as nossas tradicionais exposi\u00e7\u00f5es agropecu\u00e1rias\u201d. As palavras s\u00e3o do presidente do Sistema FAET, Paulo Carneiro, no anuncio oficial do Calend\u00e1rio das Exposi\u00e7\u00f5es Agropecu\u00e1rias de 2023, que prev\u00ea a realiza\u00e7\u00e3o de 39 eventos, entre cavalgadas, rodeios e feiras agropecu\u00e1rias. [&hellip;]<\/p>\n","protected":false},"author":3,"featured_media":1024,"comment_status":"open","ping_status":"open","sticky":false,"template":"","format":"standard","meta":{"kia_subtitle":"","footnotes":""},"categories":[12,15,16,20],"tags":[65,64,33],"class_list":["post-1023","post","type-post","status-publish","format-standard","has-post-thumbnail","hentry","category-agrononegocio","category-faet","category-feiras-e-eventos","category-tecnologia","tag-calendario","tag-exposicao-agropecuaria","tag-faet"],"_links":{"self":[{"href":"https:\/\/sistemafaetsenar.org.br\/faet\/wp-json\/wp\/v2\/posts\/1023"}],"collection":[{"href":"https:\/\/sistemafaetsenar.org.br\/faet\/wp-json\/wp\/v2\/posts"}],"about":[{"href":"https:\/\/sistemafaetsenar.org.br\/faet\/wp-json\/wp\/v2\/types\/post"}],"author":[{"embeddable":true,"href":"https:\/\/sistemafaetsenar.org.br\/faet\/wp-json\/wp\/v2\/users\/3"}],"replies":[{"embeddable":true,"href":"https:\/\/sistemafaetsenar.org.br\/faet\/wp-json\/wp\/v2\/comments?post=1023"}],"version-history":[{"count":0,"href":"https:\/\/sistemafaetsenar.org.br\/faet\/wp-json\/wp\/v2\/posts\/1023\/revisions"}],"wp:featuredmedia":[{"embeddable":true,"href":"https:\/\/sistemafaetsenar.org.br\/faet\/wp-json\/wp\/v2\/media\/1024"}],"wp:attachment":[{"href":"https:\/\/sistemafaetsenar.org.br\/faet\/wp-json\/wp\/v2\/media?parent=1023"}],"wp:term":[{"taxonomy":"category","embeddable":true,"href":"https:\/\/sistemafaetsenar.org.br\/faet\/wp-json\/wp\/v2\/categories?post=1023"},{"taxonomy":"post_tag","embeddable":true,"href":"https:\/\/sistemafaetsenar.org.br\/faet\/wp-json\/wp\/v2\/tags?post=1023"}],"curies":[{"name":"wp","href":"https:\/\/api.w.org\/{rel}","templated":true}]}}