{"id":1015,"date":"2023-03-20T12:43:38","date_gmt":"2023-03-20T15:43:38","guid":{"rendered":"https:\/\/sistemafaetsenar.org.br\/faet\/?p=1015"},"modified":"2024-01-18T17:41:28","modified_gmt":"2024-01-18T20:41:28","slug":"augustinopolis-sera-sede-do-1o-agro-forte-faet-senar","status":"publish","type":"post","link":"https:\/\/sistemafaetsenar.org.br\/faet\/augustinopolis-sera-sede-do-1o-agro-forte-faet-senar\/","title":{"rendered":"Augustin\u00f3polis ser\u00e1 sede do 1\u00ba Agro Forte \u2013 FAET\/Senar"},"content":{"rendered":"<p>\u201cDiscutir os temas do momento no meio rural, apresentar sa\u00eddas para os desafios t\u00e9cnicos que surgem nas fazendas, mostrar novas tecnologias que gerem aumento de produ\u00e7\u00e3o e renda e auxiliar o produtor com as quest\u00f5es burocr\u00e1ticas que afetam o campo. Esses s\u00e3o os objetivos do nosso 1\u00ba Agro Forte \u2013 FAET\/Senar\u201d. As palavras s\u00e3o do presidente da FAET, Paulo Carneiro, sobre uma nova iniciativa do sistema que ter\u00e1 como marco inicial o munic\u00edpio de Augustin\u00f3polis, na regi\u00e3o do Bico do Papagaio, no extremo norte do estado.<\/p>\n<p>&nbsp;<\/p>\n<p>O <strong>1\u00ba Agro Forte \u2013 FAET\/Senar<\/strong> \u00e9 uma realiza\u00e7\u00e3o do sistema FAET em parceria com o Sindicato Rural de Augustin\u00f3polis. E ser\u00e1 realizado no pr\u00f3ximo dia 31 de mar\u00e7o, no Parque de Exposi\u00e7\u00f5es \u201cDilson Martins\u201d. Na programa\u00e7\u00e3o deste primeiro evento, a palestra destaque ser\u00e1 sobre o \u201cControle da Praga de Cigarrinha no Manejo da Pastagem\u201d, a ser ministrada pelo pesquisador da Embrapa, Roni Azevedo, uma das maiores autoridades na \u00e1rea.<\/p>\n<p>&nbsp;<\/p>\n<p>No evento tamb\u00e9m consta a palestra sobre Regulariza\u00e7\u00e3o Fundi\u00e1ria, com a participa\u00e7\u00e3o do presidente da Comiss\u00e3o do tema da OAB\/TO, Geraldo Freitas. A iniciativa do sistema ainda ter\u00e1 espa\u00e7o aberto para assuntos como cr\u00e9dito rural, com a participa\u00e7\u00e3o de representantes do Banco do Brasil e Banco da Amaz\u00f4nia, um momento em que o Naturatins vai tratar de regulariza\u00e7\u00e3o ambiental e tamb\u00e9m da Pol\u00edcia Militar que vai tratar da seguran\u00e7a no campo e do projeto Patrulha Rural.<\/p>\n<p>&nbsp;<\/p>\n<p>\u201cEstaremos trazendo entidades financeiras para falar sobre financiamento e probabilidades de refinanciamento. O evento vai tratar das invas\u00f5es de terra e os protocolos adequados para esse enfrentamento entre outros assuntos. Ficamos felizes em ver que a FAET tem nos representado bem e cumprido seu papel de dar informa\u00e7\u00f5es, apoio e seguran\u00e7a para o produtor\u201d, destacou C\u00e1ssia Ayres, presidente do Sindicato Rural de Augustin\u00f3polis.<\/p>\n<p>&nbsp;<\/p>\n<p>Para a presidente, o evento mostra a preocupa\u00e7\u00e3o da Federa\u00e7\u00e3o em dar respostas ao produtor e ser\u00e1 um dos maiores j\u00e1 realizados na regi\u00e3o. Por isso, o 1\u00ba Agro Forte \u2013 FAET\/Senar vai contar com a mobiliza\u00e7\u00e3o de outros sindicatos rurais do norte tocantinense, como o de Araguatins, Xambio\u00e1, Anan\u00e1s, Tocantin\u00f3polis e Aragua\u00edna.<\/p>\n<p>&nbsp;<\/p>\n<p><em>(Confira a programa\u00e7\u00e3o)<\/em><\/p>\n<p><strong>Local:<\/strong> Parque de Exposi\u00e7\u00f5es Dilson Martins<\/p>\n<p><strong>Data:<\/strong> 31\/03\/2023<\/p>\n<p><strong>Hor\u00e1rio:<\/strong> 8h<\/p>\n<p><img fetchpriority=\"high\" decoding=\"async\" class=\"alignnone size-medium wp-image-1017\" src=\"https:\/\/sistemafaetsenar.org.br\/faet\/wp-content\/uploads\/2024\/01\/Programacao-864x1536-1-169x300.jpeg\" alt=\"\" width=\"169\" height=\"300\" srcset=\"https:\/\/sistemafaetsenar.org.br\/faet\/wp-content\/uploads\/2024\/01\/Programacao-864x1536-1-169x300.jpeg 169w, https:\/\/sistemafaetsenar.org.br\/faet\/wp-content\/uploads\/2024\/01\/Programacao-864x1536-1-576x1024.jpeg 576w, https:\/\/sistemafaetsenar.org.br\/faet\/wp-content\/uploads\/2024\/01\/Programacao-864x1536-1.jpeg 864w\" sizes=\"(max-width: 169px) 100vw, 169px\" \/><\/p>\n<p>Idealizado pelo Sistema FAET\/Senar e em parceria com o Sindicato Rural de Augustin\u00f3polis, o \u201c1\u00ba Agro Forte\u201d vai debater sobre licenciamento rural, regulariza\u00e7\u00e3o fundi\u00e1ria, seguran\u00e7a no campo, cr\u00e9dito rural e apresenta\u00e7\u00f5es de cases de sucesso da Assist\u00eancia T\u00e9cnica e Gerencial do Senar. A palestra \u201cControle da Praga de Cigarrinha no Manejo da Pastagem\u201d, ser\u00e1 realizada pelo pesquisador da Embrapa, Roni Azevedo, uma das maiores autoridades na \u00e1rea, que vai orientar como controlar e minimizar os preju\u00edzos causados por essa infesta\u00e7\u00e3o nas pastagens.<\/p>\n","protected":false},"excerpt":{"rendered":"<p>\u201cDiscutir os temas do momento no meio rural, apresentar sa\u00eddas para os desafios t\u00e9cnicos que surgem nas fazendas, mostrar novas tecnologias que gerem aumento de produ\u00e7\u00e3o e renda e auxiliar o produtor com as quest\u00f5es burocr\u00e1ticas que afetam o campo. Esses s\u00e3o os objetivos do nosso 1\u00ba Agro Forte \u2013 FAET\/Senar\u201d. As palavras s\u00e3o do [&hellip;]<\/p>\n","protected":false},"author":3,"featured_media":1016,"comment_status":"open","ping_status":"open","sticky":false,"template":"","format":"standard","meta":{"kia_subtitle":"Evento ter\u00e1 programa\u00e7\u00e3o t\u00e9cnica e tamb\u00e9m vai tratar de temas como invas\u00e3o de terras e regulariza\u00e7\u00e3o fundi\u00e1ria","footnotes":""},"categories":[60,12,13,15,16,58,20],"tags":[61,63,62],"class_list":["post-1015","post","type-post","status-publish","format-standard","has-post-thumbnail","hentry","category-agroforte","category-agrononegocio","category-cursos-e-palestras","category-faet","category-feiras-e-eventos","category-sindicato-rural","category-tecnologia","tag-agroforte","tag-augustinopolis","tag-bico-do-papagaio"],"_links":{"self":[{"href":"https:\/\/sistemafaetsenar.org.br\/faet\/wp-json\/wp\/v2\/posts\/1015"}],"collection":[{"href":"https:\/\/sistemafaetsenar.org.br\/faet\/wp-json\/wp\/v2\/posts"}],"about":[{"href":"https:\/\/sistemafaetsenar.org.br\/faet\/wp-json\/wp\/v2\/types\/post"}],"author":[{"embeddable":true,"href":"https:\/\/sistemafaetsenar.org.br\/faet\/wp-json\/wp\/v2\/users\/3"}],"replies":[{"embeddable":true,"href":"https:\/\/sistemafaetsenar.org.br\/faet\/wp-json\/wp\/v2\/comments?post=1015"}],"version-history":[{"count":0,"href":"https:\/\/sistemafaetsenar.org.br\/faet\/wp-json\/wp\/v2\/posts\/1015\/revisions"}],"wp:featuredmedia":[{"embeddable":true,"href":"https:\/\/sistemafaetsenar.org.br\/faet\/wp-json\/wp\/v2\/media\/1016"}],"wp:attachment":[{"href":"https:\/\/sistemafaetsenar.org.br\/faet\/wp-json\/wp\/v2\/media?parent=1015"}],"wp:term":[{"taxonomy":"category","embeddable":true,"href":"https:\/\/sistemafaetsenar.org.br\/faet\/wp-json\/wp\/v2\/categories?post=1015"},{"taxonomy":"post_tag","embeddable":true,"href":"https:\/\/sistemafaetsenar.org.br\/faet\/wp-json\/wp\/v2\/tags?post=1015"}],"curies":[{"name":"wp","href":"https:\/\/api.w.org\/{rel}","templated":true}]}}