{"id":1012,"date":"2023-03-13T15:38:27","date_gmt":"2023-03-13T18:38:27","guid":{"rendered":"https:\/\/sistemafaetsenar.org.br\/faet\/?p=1012"},"modified":"2024-01-18T15:38:56","modified_gmt":"2024-01-18T18:38:56","slug":"faet-e-governo-do-tocantins-juntos-pela-seguranca-no-campo","status":"publish","type":"post","link":"https:\/\/sistemafaetsenar.org.br\/faet\/faet-e-governo-do-tocantins-juntos-pela-seguranca-no-campo\/","title":{"rendered":"FAET e Governo do Tocantins juntos pela seguran\u00e7a no campo"},"content":{"rendered":"<p>Em reuni\u00e3o na Secretaria da Agricultura do Estado do Tocantins, o presidente da FAET, Paulo Carneiro e membros da diretoria da entidade discutiram e cobraram a\u00e7\u00f5es do Governo Estadual para coibir a onda de invas\u00f5es de terra que iniciou no Brasil e j\u00e1 teve ramifica\u00e7\u00f5es no Tocantins.<\/p>\n<p>&nbsp;<\/p>\n<p>S\u00f3 este ano j\u00e1 ocorreram tentativas de invas\u00e3o de fazendas produtivas em Caseara e uma \u00e1rea urbana em Santa Tereza. Em Esperantina, supostos membros de um acampamento de Sem Terras amea\u00e7aram expandir \u00e1rea invadindo outras propriedades. Na reuni\u00e3o, o Governo do Tocantins garantiu \u00e0 FAET e a outras entidades rurais presentes que o Estado n\u00e3o vai tolerar esse clima de inseguran\u00e7a no campo.<\/p>\n<p>&nbsp;<\/p>\n<p>\u201cN\u00e3o vamos permitir esse clima de inseguran\u00e7a jur\u00eddica no campo. A nossa determina\u00e7\u00e3o \u00e9 mobilizar todas as for\u00e7as de seguran\u00e7a e apoiar as institui\u00e7\u00f5es rurais e o produtor no enfrentamento \u00e0s invas\u00f5es\u201d, afirmou o governador Wanderlei Barbosa. Para o presidente da FAET o momento exige a\u00e7\u00e3o: \u201cos produtores vivem um clima de tens\u00e3o e isso prejudica nossas atividades, por isso precisamos agir juntos\u201d, destacou.<\/p>\n<p>&nbsp;<\/p>\n<p>Paulo Carneiro oficiou o governo sugerindo um canal de comunica\u00e7\u00e3o entre o campo e as for\u00e7as de seguran\u00e7a. E tamb\u00e9m ofereceu espa\u00e7o nos parques de exposi\u00e7\u00f5es dos Sindicatos Rurais para a constru\u00e7\u00e3o de pontos de apoio para as patrulhas rurais. O governador se prontificou a facilitar esse contato e at\u00e9 disponibilizar ferramentas tecnol\u00f3gicas para agilizar o acionamento das policiais em situa\u00e7\u00f5es emergenciais.<\/p>\n<p>&nbsp;<\/p>\n<p>Comandante da Pol\u00edcia Militar, Cel. Barbosa informou que 130 policiais est\u00e3o sendo treinados para atuar nas 23 patrulhas rurais que v\u00e3o atuar em v\u00e1rias regi\u00f5es do estado. O secret\u00e1rio de Seguran\u00e7a P\u00fablica, Wlademir Costa, destacou a a\u00e7\u00e3o da Deleagro (Delegacia de Combate aos Crimes Rurais), que identificou uma organiza\u00e7\u00e3o criminosa que migrou dos assaltos a banco para os crimes na zona rural. \u201cA inseguran\u00e7a no campo tamb\u00e9m \u00e9 fruto dos roubos nas propriedades rurais. Nossas a\u00e7\u00f5es j\u00e1 recuperaram m\u00e1quinas no Mato Grosso, defensivos agr\u00edcolas e at\u00e9 rebanhos em outras unidades da federa\u00e7\u00e3o\u201d.<\/p>\n<p>&nbsp;<\/p>\n<p>Na reuni\u00e3o na Seagro, tamb\u00e9m foram tratados de assuntos como a redu\u00e7\u00e3o do ICMS sobre o rebanho bovino e as exposi\u00e7\u00f5es agropecu\u00e1rias. Al\u00e9m da diretoria da FAET, estiveram presentes na reuni\u00e3o membros das diretorias da Coapa (Cooperativa Agroindustrial do Tocantins), Fr\u00edsia, Associa\u00e7\u00e3o de Desenvolvimento Sustent\u00e1vel do Tocantins (Adest), Aprosoja e da Organiza\u00e7\u00e3o das Cooperativas do Tocantins (OCB\/TO).<\/p>\n<p>&nbsp;<\/p>\n<p><img decoding=\"async\" class=\"size-full wp-image-993 aligncenter\" src=\"https:\/\/sistemafaetsenar.org.br\/faet\/wp-content\/uploads\/2024\/01\/FAET-SENAR-Sindicatos.png\" alt=\"\" width=\"200\" height=\"61\" \/><\/p>\n","protected":false},"excerpt":{"rendered":"<p>Em reuni\u00e3o na Secretaria da Agricultura do Estado do Tocantins, o presidente da FAET, Paulo Carneiro e membros da diretoria da entidade discutiram e cobraram a\u00e7\u00f5es do Governo Estadual para coibir a onda de invas\u00f5es de terra que iniciou no Brasil e j\u00e1 teve ramifica\u00e7\u00f5es no Tocantins. &nbsp; S\u00f3 este ano j\u00e1 ocorreram tentativas de [&hellip;]<\/p>\n","protected":false},"author":3,"featured_media":1013,"comment_status":"open","ping_status":"open","sticky":false,"template":"","format":"standard","meta":{"kia_subtitle":"Em encontro com entidades rurais, Governo firmou compromisso contra a\u00e7\u00f5es de invasores","footnotes":""},"categories":[12,58],"tags":[33,59,38],"class_list":["post-1012","post","type-post","status-publish","format-standard","has-post-thumbnail","hentry","category-agrononegocio","category-sindicato-rural","tag-faet","tag-seguranca-no-campo","tag-tocantins"],"_links":{"self":[{"href":"https:\/\/sistemafaetsenar.org.br\/faet\/wp-json\/wp\/v2\/posts\/1012"}],"collection":[{"href":"https:\/\/sistemafaetsenar.org.br\/faet\/wp-json\/wp\/v2\/posts"}],"about":[{"href":"https:\/\/sistemafaetsenar.org.br\/faet\/wp-json\/wp\/v2\/types\/post"}],"author":[{"embeddable":true,"href":"https:\/\/sistemafaetsenar.org.br\/faet\/wp-json\/wp\/v2\/users\/3"}],"replies":[{"embeddable":true,"href":"https:\/\/sistemafaetsenar.org.br\/faet\/wp-json\/wp\/v2\/comments?post=1012"}],"version-history":[{"count":0,"href":"https:\/\/sistemafaetsenar.org.br\/faet\/wp-json\/wp\/v2\/posts\/1012\/revisions"}],"wp:featuredmedia":[{"embeddable":true,"href":"https:\/\/sistemafaetsenar.org.br\/faet\/wp-json\/wp\/v2\/media\/1013"}],"wp:attachment":[{"href":"https:\/\/sistemafaetsenar.org.br\/faet\/wp-json\/wp\/v2\/media?parent=1012"}],"wp:term":[{"taxonomy":"category","embeddable":true,"href":"https:\/\/sistemafaetsenar.org.br\/faet\/wp-json\/wp\/v2\/categories?post=1012"},{"taxonomy":"post_tag","embeddable":true,"href":"https:\/\/sistemafaetsenar.org.br\/faet\/wp-json\/wp\/v2\/tags?post=1012"}],"curies":[{"name":"wp","href":"https:\/\/api.w.org\/{rel}","templated":true}]}}