{"id":1009,"date":"2023-02-15T17:00:54","date_gmt":"2023-02-15T20:00:54","guid":{"rendered":"https:\/\/sistemafaetsenar.org.br\/faet\/?p=1009"},"modified":"2024-01-18T17:40:41","modified_gmt":"2024-01-18T20:40:41","slug":"faet-leva-propostas-para-a-assembleia-legislativa","status":"publish","type":"post","link":"https:\/\/sistemafaetsenar.org.br\/faet\/faet-leva-propostas-para-a-assembleia-legislativa\/","title":{"rendered":"FAET leva propostas para a Assembleia Legislativa"},"content":{"rendered":"<p>O presidente da Federa\u00e7\u00e3o da Agricultura e Pecu\u00e1ria do Estado do Tocantins (FAET), Paulo Carneiro, entregou nas m\u00e3os do presidente da Assembleia Legislativa, deputado Am\u00e9lio Cayres, um pedido que seja criada a \u201cFrente Parlamentar da Agropecu\u00e1ria\u201d, com o intuito de promover no parlamento tocantinense um ambiente de di\u00e1logo e debate de temas relativos \u00e0s demandas do agro e tamb\u00e9m das medidas governamentais que possam impactar o setor.<\/p>\n<p>&nbsp;<\/p>\n<p>&#8220;Foi o pontap\u00e9 de uma rela\u00e7\u00e3o respeitosa com os deputados estaduais, mas tamb\u00e9m uma demonstra\u00e7\u00e3o de que queremos estar mais presentes e sermos lembrados pra discutir assuntos da classe antes de serem aprovados&#8221;, disse Paulo Carneiro. Ao lado do presidente da FAET tamb\u00e9m estavam o vice-presidente Rog\u00e9rio Moraes e o secret\u00e1rio da entidade Carlos Ribeiro, al\u00e9m do superintendente adjunto do Senar, Frederico Sodr\u00e9.<\/p>\n<p>&nbsp;<\/p>\n<p>Na reuni\u00e3o com o legislativo, Paulo Carneiro tamb\u00e9m reivindicou que os deputados apoiem a renova\u00e7\u00e3o da redu\u00e7\u00e3o do ICMS sobre o rebanho bovino que est\u00e1 prestes a expirar. Ele defendeu ainda que o setor produtivo rural precisa ser ouvido sempre que a Assembleia Legislativa tratar de assuntos que mexam com a vida do homem do campo.<\/p>\n<p>&nbsp;<\/p>\n<p>A proposta foi bem recebido pelos parlamentares. \u201cParabenizo o presidente Paulo e a FAET por essa iniciativa porque tamb\u00e9m entendo que temos muitos assuntos para tratar ao longo do ano. Al\u00e9m do que foi falado aqui h\u00e1 temos projetos como o C\u00f3digo Florestal, que tramita na casa h\u00e1 tempos, a tributa\u00e7\u00e3o sobre toda a cadeia produtiva do agroneg\u00f3cio e outros que precisam ser discutidos antes de serem apreciadas em plen\u00e1rio\u201d, destacou Am\u00e9lio Cayres.<\/p>\n<p>&nbsp;<\/p>\n<p>O deputado estadual Eduardo Mantoan, acompanhou a comitiva da FAET na audi\u00eancia e ressaltou a necessidade desse canal de di\u00e1logo com o setor. Tamb\u00e9m estiverem presentes os deputados Nilton Franco, Valdemar J\u00fanior, Moisemar Marinho e Aldair da Costa, o Gip\u00e3o. Na ocasi\u00e3o foi solicitada uma nova oportunidade para que a dire\u00e7\u00e3o da FAET possa levar as demandas e informa\u00e7\u00f5es da conjuntura atual do setor a todos os parlamentares do estado.<\/p>\n<p>&nbsp;<\/p>\n<p><img decoding=\"async\" class=\"size-full wp-image-993 aligncenter\" src=\"https:\/\/sistemafaetsenar.org.br\/faet\/wp-content\/uploads\/2024\/01\/FAET-SENAR-Sindicatos.png\" alt=\"\" width=\"200\" height=\"61\" \/><\/p>\n<p>&nbsp;<\/p>\n<p>&nbsp;<\/p>\n","protected":false},"excerpt":{"rendered":"<p>O presidente da Federa\u00e7\u00e3o da Agricultura e Pecu\u00e1ria do Estado do Tocantins (FAET), Paulo Carneiro, entregou nas m\u00e3os do presidente da Assembleia Legislativa, deputado Am\u00e9lio Cayres, um pedido que seja criada a \u201cFrente Parlamentar da Agropecu\u00e1ria\u201d, com o intuito de promover no parlamento tocantinense um ambiente de di\u00e1logo e debate de temas relativos \u00e0s demandas [&hellip;]<\/p>\n","protected":false},"author":3,"featured_media":1010,"comment_status":"open","ping_status":"open","sticky":false,"template":"","format":"standard","meta":{"kia_subtitle":"A proposta \u00e9 criar Frente Parlamentar e manter benef\u00edcios fiscais para a atividade","footnotes":""},"categories":[12,14,15,54],"tags":[57,55,38],"class_list":["post-1009","post","type-post","status-publish","format-standard","has-post-thumbnail","hentry","category-agrononegocio","category-diretoria","category-faet","category-frente-parlamentar-do-agro","tag-assembleia-legislativa","tag-fpa","tag-tocantins"],"_links":{"self":[{"href":"https:\/\/sistemafaetsenar.org.br\/faet\/wp-json\/wp\/v2\/posts\/1009"}],"collection":[{"href":"https:\/\/sistemafaetsenar.org.br\/faet\/wp-json\/wp\/v2\/posts"}],"about":[{"href":"https:\/\/sistemafaetsenar.org.br\/faet\/wp-json\/wp\/v2\/types\/post"}],"author":[{"embeddable":true,"href":"https:\/\/sistemafaetsenar.org.br\/faet\/wp-json\/wp\/v2\/users\/3"}],"replies":[{"embeddable":true,"href":"https:\/\/sistemafaetsenar.org.br\/faet\/wp-json\/wp\/v2\/comments?post=1009"}],"version-history":[{"count":0,"href":"https:\/\/sistemafaetsenar.org.br\/faet\/wp-json\/wp\/v2\/posts\/1009\/revisions"}],"wp:featuredmedia":[{"embeddable":true,"href":"https:\/\/sistemafaetsenar.org.br\/faet\/wp-json\/wp\/v2\/media\/1010"}],"wp:attachment":[{"href":"https:\/\/sistemafaetsenar.org.br\/faet\/wp-json\/wp\/v2\/media?parent=1009"}],"wp:term":[{"taxonomy":"category","embeddable":true,"href":"https:\/\/sistemafaetsenar.org.br\/faet\/wp-json\/wp\/v2\/categories?post=1009"},{"taxonomy":"post_tag","embeddable":true,"href":"https:\/\/sistemafaetsenar.org.br\/faet\/wp-json\/wp\/v2\/tags?post=1009"}],"curies":[{"name":"wp","href":"https:\/\/api.w.org\/{rel}","templated":true}]}}