{"id":1006,"date":"2023-01-16T17:10:00","date_gmt":"2023-01-16T20:10:00","guid":{"rendered":"https:\/\/sistemafaetsenar.org.br\/faet\/?p=1006"},"modified":"2024-01-19T09:58:44","modified_gmt":"2024-01-19T12:58:44","slug":"nota-da-faet-atos-de-vandalismo-e-o-agro","status":"publish","type":"post","link":"https:\/\/sistemafaetsenar.org.br\/faet\/nota-da-faet-atos-de-vandalismo-e-o-agro\/","title":{"rendered":"Nota da FAET \u2013 atos de vandalismo e o agro"},"content":{"rendered":"<p>A <strong>Federa\u00e7\u00e3o da Agricultura e Pecu\u00e1ria do Estado do Tocantins (FAET)<\/strong>, inst\u00e2ncia m\u00e1xima de representa\u00e7\u00e3o do produtor rural tocantinense, acompanha os fatos e desdobramentos que se sucederam no pa\u00eds desde a \u00faltima elei\u00e7\u00e3o presidencial no Brasil.<\/p>\n<p>&nbsp;<\/p>\n<p>Sempre atenta \u00e0s consequ\u00eancias que possam afetar o setor, a <strong>FAET<\/strong> vem a p\u00fablico manifestar seu veemente rep\u00fadio \u00e0s tentativas de associar a atividade produtiva no campo e o segmento rural aos atos de vandalismo, depreda\u00e7\u00e3o do patrim\u00f4nio p\u00fablico e de afronta \u00e0 nossa democracia que ocorreram no \u00faltimo dia 8 de janeiro em Bras\u00edlia.<\/p>\n<p>&nbsp;<\/p>\n<p>A Federa\u00e7\u00e3o n\u00e3o se omite e foi assim quando, em concord\u00e2ncia com o sentimento do setor, manifestou sua opini\u00e3o no \u00faltimo pleito eleitoral. Por\u00e9m, diante da prefer\u00eancia popular, defende que a normalidade se reestabele\u00e7a no pa\u00eds, garantindo a liberdade de manifesta\u00e7\u00e3o e pensamento, de forma ordeira e respeitosa, e jamais com a destrui\u00e7\u00e3o do patrim\u00f4nio do povo brasileiro e afronta aos Tr\u00eas Poderes da Rep\u00fablica, pr\u00e1ticas que sempre condenou.<\/p>\n<p>&nbsp;<\/p>\n<p>Motor de nossa economia, o agroneg\u00f3cio busca preservar suas condi\u00e7\u00f5es de trabalho de modo a continuar fazendo sua parte, que \u00e9 produzir alimentos, gerar riqueza e divisas para nossa na\u00e7\u00e3o e oportunidades de trabalho para seus cidad\u00e3os.<\/p>\n<p>&nbsp;<\/p>\n<p>O campo quer seguran\u00e7a jur\u00eddica, combate \u00e0s invas\u00f5es de propriedades rurais e respeito \u00e0s normas constitucionais que asseguram a propriedade privada e n\u00e3o apoiar\u00e1 qualquer medida que ameace a ordem nacional.<\/p>\n<p>&nbsp;<\/p>\n<p>O Brasil e o Tocantins precisam continuar a crescer e s\u00f3 a pacifica\u00e7\u00e3o da nossa sociedade e o entendimento de que temos opositores e n\u00e3o inimigos \u00e9 que teremos condi\u00e7\u00f5es de prosperar.<\/p>\n<p>&nbsp;<\/p>\n<p>&nbsp;<\/p>\n<p style=\"text-align: center;\"><strong>PAULO CARNEIRO<\/strong><\/p>\n<p style=\"text-align: center;\"><strong>Presidente<\/strong><\/p>\n<p style=\"text-align: center;\"><strong>\u00a0<\/strong><\/p>\n<p>&nbsp;<\/p>\n<p>&nbsp;<\/p>\n","protected":false},"excerpt":{"rendered":"<p>A Federa\u00e7\u00e3o da Agricultura e Pecu\u00e1ria do Estado do Tocantins (FAET), inst\u00e2ncia m\u00e1xima de representa\u00e7\u00e3o do produtor rural tocantinense, acompanha os fatos e desdobramentos que se sucederam no pa\u00eds desde a \u00faltima elei\u00e7\u00e3o presidencial no Brasil. &nbsp; Sempre atenta \u00e0s consequ\u00eancias que possam afetar o setor, a FAET vem a p\u00fablico manifestar seu veemente rep\u00fadio [&hellip;]<\/p>\n","protected":false},"author":3,"featured_media":1089,"comment_status":"open","ping_status":"open","sticky":false,"template":"","format":"standard","meta":{"kia_subtitle":"","footnotes":""},"categories":[12,15],"tags":[33,53,42,38],"class_list":["post-1006","post","type-post","status-publish","format-standard","has-post-thumbnail","hentry","category-agrononegocio","category-faet","tag-faet","tag-nota","tag-produtor-rural","tag-tocantins"],"_links":{"self":[{"href":"https:\/\/sistemafaetsenar.org.br\/faet\/wp-json\/wp\/v2\/posts\/1006"}],"collection":[{"href":"https:\/\/sistemafaetsenar.org.br\/faet\/wp-json\/wp\/v2\/posts"}],"about":[{"href":"https:\/\/sistemafaetsenar.org.br\/faet\/wp-json\/wp\/v2\/types\/post"}],"author":[{"embeddable":true,"href":"https:\/\/sistemafaetsenar.org.br\/faet\/wp-json\/wp\/v2\/users\/3"}],"replies":[{"embeddable":true,"href":"https:\/\/sistemafaetsenar.org.br\/faet\/wp-json\/wp\/v2\/comments?post=1006"}],"version-history":[{"count":0,"href":"https:\/\/sistemafaetsenar.org.br\/faet\/wp-json\/wp\/v2\/posts\/1006\/revisions"}],"wp:featuredmedia":[{"embeddable":true,"href":"https:\/\/sistemafaetsenar.org.br\/faet\/wp-json\/wp\/v2\/media\/1089"}],"wp:attachment":[{"href":"https:\/\/sistemafaetsenar.org.br\/faet\/wp-json\/wp\/v2\/media?parent=1006"}],"wp:term":[{"taxonomy":"category","embeddable":true,"href":"https:\/\/sistemafaetsenar.org.br\/faet\/wp-json\/wp\/v2\/categories?post=1006"},{"taxonomy":"post_tag","embeddable":true,"href":"https:\/\/sistemafaetsenar.org.br\/faet\/wp-json\/wp\/v2\/tags?post=1006"}],"curies":[{"name":"wp","href":"https:\/\/api.w.org\/{rel}","templated":true}]}}